{"id":104,"date":"2023-07-30T11:57:47","date_gmt":"2023-07-30T09:57:47","guid":{"rendered":"https:\/\/aetherische-oele.net\/WP\/?p=104"},"modified":"2023-08-01T09:14:19","modified_gmt":"2023-08-01T07:14:19","slug":"die-kraft-der-baeume","status":"publish","type":"post","link":"https:\/\/aetherische-oele.net\/WP\/die-kraft-der-baeume\/","title":{"rendered":"Die Kraft der B\u00e4ume"},"content":{"rendered":"<div>\n<h1 class=\"nobreak\">Die Kraft der B\u00e4ume<\/h1>\n<\/div>\n<div>\n<p><strong>Heute m\u00f6chte ich Dir die Kraft des Waldes n\u00e4her bringen. Aber welches \u00d6l kannst Du am besten f\u00fcr Dich verwenden?<\/strong><\/p>\n<p><strong>Die Energie der B\u00e4ume ist grenzenlos!<\/strong><br \/>\nDie Tanne, die Fichte, die Kiefer, die <a href=\"https:\/\/aetherische-oele.net\/WP\/douglasie-pseudotsuga-menziesii-douglasfichte\/\">Douglasie<\/a> &#8211; all diese B\u00e4ume stehen seit Urzeiten in unseren W\u00e4ldern. Sie sind ein Symbol der Widerstandsf\u00e4higkeit und der Ewigkeit.<\/p>\n<p><img decoding=\"async\" data-src=\"https:\/\/www.aetherische-oele.net\/Tipps\/douglasie.jpg\" src=\"data:image\/svg+xml;base64,PHN2ZyB3aWR0aD0iMSIgaGVpZ2h0PSIxIiB4bWxucz0iaHR0cDovL3d3dy53My5vcmcvMjAwMC9zdmciPjwvc3ZnPg==\" class=\"lazyload\" \/><\/p>\n<p>All diese \u00d6le, die man aus diesen B\u00e4umen gewinnt, geben uns Kraft. Wir werden langsamer m\u00fcde, wir haben mehr Energie.<\/p>\n<p>Sie verleihen uns au\u00dferdem Ausdauer und Mut, wenn wir etwas zu Ende bringen m\u00fcssen oder wenn wir etwas Neues beginnen.<\/p>\n<p><strong>Mentale Klarheit<\/strong><br \/>\nDas \u00d6l der Douglasie hat einen sehr tiefen und leicht fl\u00fcchtigen Duft, der uns mit mentaler Energie versorgt. Dieses wunderbare Duft\u00f6l hilft auch, damit wir uns besser konzentrieren k\u00f6nnen und mehr Klarheit im Kopf haben. Und nat\u00fcrlich beruhigt uns der Duft, genauso als w\u00fcrden wir durch den Wald gehen.<\/p>\n<p><a href=\"https:\/\/aetherische-oele.net\/WP\/fichtenoel-picea-abies\/\">Fichten\u00f6l<\/a>, Kiefern\u00f6l oder L\u00e4rchen\u00f6l haben ebenfalls eine sehr tiefe holzigen Note. Diese \u00d6le sorgen daf\u00fcr, dass wir geerdet sind, wenn wir den Boden unter den F\u00fc\u00dfen verloren haben. Wir k\u00f6nnen uns wieder besser auf uns selbst zentrieren, sodass hier den wichtigen Fokus auf uns selbst wiederfinden.<\/p>\n<p>Aufgaben werden so mit neuer Kraft und Optimismus angegangen. Wir f\u00fchlen uns gerade so, als w\u00e4ren wir durch Wurzeln fest mit der Erde verwachsen und k\u00f6nnten uns gegen alles stemmen.<\/p>\n<p>Die Tanne hilft uns, wenn wir in stressigen Zeiten sind.<br \/>\nSie schenkt uns neue Klarheit und l\u00e4sst uns die wichtige, richtige Richtung finden.<\/p>\n<p>Egal welches \u00d6l man verwendet, es hilft uns, wieder festen Halt zu finden. Wie ein Baum steht man wieder fest auf der Erde, man findet Vertrauen und die Kraft, weiterzumachen. Au\u00dferdem geben uns diese \u00d6le so etwas wie inneren Frieden, genauso, als w\u00fcrde man mitten zwischen diesen B\u00e4umen stehen.<\/p>\n<p>Ein weiteres interessantes Holz\u00f6l ist das Zedern-\u00d6l, das f\u00fcr uns etwas geheimnisvoll und exotisch duftet. Vielleicht kennst Du den Duft ja aus dem Urlaub, denn in den s\u00fcdlichen L\u00e4ndern w\u00e4chst dieses \u00d6l ja teilweise. Bei uns ist es nicht in der Natur zu finden.<\/p>\n<p>Das holzige, leicht s\u00fc\u00dfliche und erdige Duftaroma ist meiner Meinung nach au\u00dferdem sehr sanft und weich, so als w\u00fcrde es flie\u00dfen. Wie gesagt, es ist etwas exotisches f\u00fcr uns. Auch der Duft der <a href=\"https:\/\/aetherische-oele.net\/WP\/zedernoel-cedrus-atlantica-atlaszeder\/\">Zeder<\/a> erdet uns, er tut uns gut, vielleicht ersetzt er uns auch etwas in Urlaubsstimmung. Au\u00dferdem empfinde ich den Duft als wirklich sehr entspannend.<\/p>\n<p>Ein weiteres, wundersch\u00f6nes \u00d6l, ist das \u00d6l des <a href=\"https:\/\/aetherische-oele.net\/WP\/wacholderoel-juniperus-communis\/\">Wacholder<\/a>. Nun kann man den Wacholder ja nicht unbedingt zu den B\u00e4umen z\u00e4hlen, schon gar nicht zu den Waldb\u00e4umen. Allerdings ist sein Duft eine sch\u00f6ne Erg\u00e4nzung zu den oben genannten \u00d6len. Man stellt es aus den Beeren und Nadeln her.<\/p>\n<p>Es hilft uns, und selbst zu reinigen. Und das sowohl k\u00f6rperlich als auch geistig. Es kann uns helfen, wenn es nach einer schweren Zeit wieder bergauf gehen soll. Gleichzeitig hilft es uns auch, wenn wir eine Nacht durchgezecht haben oder zu viel gegessen haben.<\/p>\n<p>Auf spiritueller Weise hilft es uns, uns von negativen Gedanken zu reinigen. Etwa wenn wir immer wieder negative Gedanken in uns haben, wenn wir eine depressive Zeit hatten oder wenn wir auf jemanden b\u00f6se bzw. w\u00fctend waren.<\/p>\n<\/div>\n","protected":false},"excerpt":{"rendered":"<p>Die Kraft der B\u00e4ume Heute m\u00f6chte ich Dir die Kraft des Waldes n\u00e4her bringen. Aber welches \u00d6l kannst Du am besten f\u00fcr Dich verwenden? Die Energie der B\u00e4ume ist grenzenlos! Die Tanne, die Fichte, die Kiefer, die Douglasie &#8211; all diese B\u00e4ume stehen seit Urzeiten in unseren W\u00e4ldern. Sie sind ein Symbol der Widerstandsf\u00e4higkeit und [&hellip;]<\/p>\n","protected":false},"author":1,"featured_media":0,"comment_status":"open","ping_status":"open","sticky":false,"template":"","format":"standard","meta":{"_coblocks_attr":"","_coblocks_dimensions":"","_coblocks_responsive_height":"","_coblocks_accordion_ie_support":"","_metis_text_type":"standard","_metis_text_length":3195,"_post_count":0,"_jetpack_memberships_contains_paid_content":false,"footnotes":""},"categories":[4],"tags":[],"class_list":["post-104","post","type-post","status-publish","format-standard","hentry","category-infos"],"yoast_head":"<!-- This site is optimized with the Yoast SEO plugin v27.5 - https:\/\/yoast.com\/product\/yoast-seo-wordpress\/ -->\n<title>Die Kraft der B\u00e4ume - Aromatherapie - Aromapflege - \u00c4therische \u00d6le<\/title>\n<meta name=\"robots\" content=\"index, follow, max-snippet:-1, max-image-preview:large, max-video-preview:-1\" \/>\n<link rel=\"canonical\" href=\"https:\/\/aetherische-oele.net\/WP\/die-kraft-der-baeume\/\" \/>\n<meta property=\"og:locale\" content=\"de_DE\" \/>\n<meta property=\"og:type\" content=\"article\" \/>\n<meta property=\"og:title\" content=\"Die Kraft der B\u00e4ume - Aromatherapie - Aromapflege - \u00c4therische \u00d6le\" \/>\n<meta property=\"og:description\" content=\"Die Kraft der B\u00e4ume Heute m\u00f6chte ich Dir die Kraft des Waldes n\u00e4her bringen. Aber welches \u00d6l kannst Du am besten f\u00fcr Dich verwenden? Die Energie der B\u00e4ume ist grenzenlos! Die Tanne, die Fichte, die Kiefer, die Douglasie &#8211; all diese B\u00e4ume stehen seit Urzeiten in unseren W\u00e4ldern. Sie sind ein Symbol der Widerstandsf\u00e4higkeit und [&hellip;]\" \/>\n<meta property=\"og:url\" content=\"https:\/\/aetherische-oele.net\/WP\/die-kraft-der-baeume\/\" \/>\n<meta property=\"og:site_name\" content=\"Aromatherapie - Aromapflege - \u00c4therische \u00d6le\" \/>\n<meta property=\"article:published_time\" content=\"2023-07-30T09:57:47+00:00\" \/>\n<meta property=\"article:modified_time\" content=\"2023-08-01T07:14:19+00:00\" \/>\n<meta property=\"og:image\" content=\"https:\/\/www.aetherische-oele.net\/Tipps\/douglasie.jpg\" \/>\n<meta name=\"author\" content=\"Baumann\" \/>\n<meta name=\"twitter:card\" content=\"summary_large_image\" \/>\n<meta name=\"twitter:label1\" content=\"Verfasst von\" \/>\n\t<meta name=\"twitter:data1\" content=\"Baumann\" \/>\n\t<meta name=\"twitter:label2\" content=\"Gesch\u00e4tzte Lesezeit\" \/>\n\t<meta name=\"twitter:data2\" content=\"4\u00a0Minuten\" \/>\n<script type=\"application\/ld+json\" class=\"yoast-schema-graph\">{\"@context\":\"https:\\\/\\\/schema.org\",\"@graph\":[{\"@type\":\"Article\",\"@id\":\"https:\\\/\\\/aetherische-oele.net\\\/WP\\\/die-kraft-der-baeume\\\/#article\",\"isPartOf\":{\"@id\":\"https:\\\/\\\/aetherische-oele.net\\\/WP\\\/die-kraft-der-baeume\\\/\"},\"author\":{\"name\":\"Baumann\",\"@id\":\"https:\\\/\\\/aetherische-oele.net\\\/WP\\\/#\\\/schema\\\/person\\\/718436a4d57be3f5f8a8b75c925b3ee3\"},\"headline\":\"Die Kraft der B\u00e4ume\",\"datePublished\":\"2023-07-30T09:57:47+00:00\",\"dateModified\":\"2023-08-01T07:14:19+00:00\",\"mainEntityOfPage\":{\"@id\":\"https:\\\/\\\/aetherische-oele.net\\\/WP\\\/die-kraft-der-baeume\\\/\"},\"wordCount\":583,\"commentCount\":0,\"image\":{\"@id\":\"https:\\\/\\\/aetherische-oele.net\\\/WP\\\/die-kraft-der-baeume\\\/#primaryimage\"},\"thumbnailUrl\":\"https:\\\/\\\/www.aetherische-oele.net\\\/Tipps\\\/douglasie.jpg\",\"articleSection\":[\"Infos\"],\"inLanguage\":\"de\",\"potentialAction\":[{\"@type\":\"CommentAction\",\"name\":\"Comment\",\"target\":[\"https:\\\/\\\/aetherische-oele.net\\\/WP\\\/die-kraft-der-baeume\\\/#respond\"]}]},{\"@type\":\"WebPage\",\"@id\":\"https:\\\/\\\/aetherische-oele.net\\\/WP\\\/die-kraft-der-baeume\\\/\",\"url\":\"https:\\\/\\\/aetherische-oele.net\\\/WP\\\/die-kraft-der-baeume\\\/\",\"name\":\"Die Kraft der B\u00e4ume - Aromatherapie - Aromapflege - \u00c4therische \u00d6le\",\"isPartOf\":{\"@id\":\"https:\\\/\\\/aetherische-oele.net\\\/WP\\\/#website\"},\"primaryImageOfPage\":{\"@id\":\"https:\\\/\\\/aetherische-oele.net\\\/WP\\\/die-kraft-der-baeume\\\/#primaryimage\"},\"image\":{\"@id\":\"https:\\\/\\\/aetherische-oele.net\\\/WP\\\/die-kraft-der-baeume\\\/#primaryimage\"},\"thumbnailUrl\":\"https:\\\/\\\/www.aetherische-oele.net\\\/Tipps\\\/douglasie.jpg\",\"datePublished\":\"2023-07-30T09:57:47+00:00\",\"dateModified\":\"2023-08-01T07:14:19+00:00\",\"author\":{\"@id\":\"https:\\\/\\\/aetherische-oele.net\\\/WP\\\/#\\\/schema\\\/person\\\/718436a4d57be3f5f8a8b75c925b3ee3\"},\"breadcrumb\":{\"@id\":\"https:\\\/\\\/aetherische-oele.net\\\/WP\\\/die-kraft-der-baeume\\\/#breadcrumb\"},\"inLanguage\":\"de\",\"potentialAction\":[{\"@type\":\"ReadAction\",\"target\":[\"https:\\\/\\\/aetherische-oele.net\\\/WP\\\/die-kraft-der-baeume\\\/\"]}]},{\"@type\":\"ImageObject\",\"inLanguage\":\"de\",\"@id\":\"https:\\\/\\\/aetherische-oele.net\\\/WP\\\/die-kraft-der-baeume\\\/#primaryimage\",\"url\":\"https:\\\/\\\/www.aetherische-oele.net\\\/Tipps\\\/douglasie.jpg\",\"contentUrl\":\"https:\\\/\\\/www.aetherische-oele.net\\\/Tipps\\\/douglasie.jpg\"},{\"@type\":\"BreadcrumbList\",\"@id\":\"https:\\\/\\\/aetherische-oele.net\\\/WP\\\/die-kraft-der-baeume\\\/#breadcrumb\",\"itemListElement\":[{\"@type\":\"ListItem\",\"position\":1,\"name\":\"Startseite\",\"item\":\"https:\\\/\\\/aetherische-oele.net\\\/WP\\\/\"},{\"@type\":\"ListItem\",\"position\":2,\"name\":\"Die Kraft der B\u00e4ume\"}]},{\"@type\":\"WebSite\",\"@id\":\"https:\\\/\\\/aetherische-oele.net\\\/WP\\\/#website\",\"url\":\"https:\\\/\\\/aetherische-oele.net\\\/WP\\\/\",\"name\":\"Aromatherapie - Aromapflege - \u00c4therische \u00d6le\",\"description\":\"Das Kompendium online\",\"potentialAction\":[{\"@type\":\"SearchAction\",\"target\":{\"@type\":\"EntryPoint\",\"urlTemplate\":\"https:\\\/\\\/aetherische-oele.net\\\/WP\\\/?s={search_term_string}\"},\"query-input\":{\"@type\":\"PropertyValueSpecification\",\"valueRequired\":true,\"valueName\":\"search_term_string\"}}],\"inLanguage\":\"de\"},{\"@type\":\"Person\",\"@id\":\"https:\\\/\\\/aetherische-oele.net\\\/WP\\\/#\\\/schema\\\/person\\\/718436a4d57be3f5f8a8b75c925b3ee3\",\"name\":\"Baumann\",\"image\":{\"@type\":\"ImageObject\",\"inLanguage\":\"de\",\"@id\":\"https:\\\/\\\/secure.gravatar.com\\\/avatar\\\/5d9abffec4357dcdde45f860e431c87387eaefedc4e2fdb4985ebe40a0500b7e?s=96&d=mm&r=g\",\"url\":\"https:\\\/\\\/secure.gravatar.com\\\/avatar\\\/5d9abffec4357dcdde45f860e431c87387eaefedc4e2fdb4985ebe40a0500b7e?s=96&d=mm&r=g\",\"contentUrl\":\"https:\\\/\\\/secure.gravatar.com\\\/avatar\\\/5d9abffec4357dcdde45f860e431c87387eaefedc4e2fdb4985ebe40a0500b7e?s=96&d=mm&r=g\",\"caption\":\"Baumann\"},\"sameAs\":[\"https:\\\/\\\/aetherische-oele.net\\\/WP\"],\"url\":\"https:\\\/\\\/aetherische-oele.net\\\/WP\\\/author\\\/baumann\\\/\"}]}<\/script>\n<!-- \/ Yoast SEO plugin. -->","yoast_head_json":{"title":"Die Kraft der B\u00e4ume - Aromatherapie - Aromapflege - \u00c4therische \u00d6le","robots":{"index":"index","follow":"follow","max-snippet":"max-snippet:-1","max-image-preview":"max-image-preview:large","max-video-preview":"max-video-preview:-1"},"canonical":"https:\/\/aetherische-oele.net\/WP\/die-kraft-der-baeume\/","og_locale":"de_DE","og_type":"article","og_title":"Die Kraft der B\u00e4ume - Aromatherapie - Aromapflege - \u00c4therische \u00d6le","og_description":"Die Kraft der B\u00e4ume Heute m\u00f6chte ich Dir die Kraft des Waldes n\u00e4her bringen. Aber welches \u00d6l kannst Du am besten f\u00fcr Dich verwenden? Die Energie der B\u00e4ume ist grenzenlos! Die Tanne, die Fichte, die Kiefer, die Douglasie &#8211; all diese B\u00e4ume stehen seit Urzeiten in unseren W\u00e4ldern. Sie sind ein Symbol der Widerstandsf\u00e4higkeit und [&hellip;]","og_url":"https:\/\/aetherische-oele.net\/WP\/die-kraft-der-baeume\/","og_site_name":"Aromatherapie - Aromapflege - \u00c4therische \u00d6le","article_published_time":"2023-07-30T09:57:47+00:00","article_modified_time":"2023-08-01T07:14:19+00:00","og_image":[{"url":"https:\/\/www.aetherische-oele.net\/Tipps\/douglasie.jpg","type":"","width":"","height":""}],"author":"Baumann","twitter_card":"summary_large_image","twitter_misc":{"Verfasst von":"Baumann","Gesch\u00e4tzte Lesezeit":"4\u00a0Minuten"},"schema":{"@context":"https:\/\/schema.org","@graph":[{"@type":"Article","@id":"https:\/\/aetherische-oele.net\/WP\/die-kraft-der-baeume\/#article","isPartOf":{"@id":"https:\/\/aetherische-oele.net\/WP\/die-kraft-der-baeume\/"},"author":{"name":"Baumann","@id":"https:\/\/aetherische-oele.net\/WP\/#\/schema\/person\/718436a4d57be3f5f8a8b75c925b3ee3"},"headline":"Die Kraft der B\u00e4ume","datePublished":"2023-07-30T09:57:47+00:00","dateModified":"2023-08-01T07:14:19+00:00","mainEntityOfPage":{"@id":"https:\/\/aetherische-oele.net\/WP\/die-kraft-der-baeume\/"},"wordCount":583,"commentCount":0,"image":{"@id":"https:\/\/aetherische-oele.net\/WP\/die-kraft-der-baeume\/#primaryimage"},"thumbnailUrl":"https:\/\/www.aetherische-oele.net\/Tipps\/douglasie.jpg","articleSection":["Infos"],"inLanguage":"de","potentialAction":[{"@type":"CommentAction","name":"Comment","target":["https:\/\/aetherische-oele.net\/WP\/die-kraft-der-baeume\/#respond"]}]},{"@type":"WebPage","@id":"https:\/\/aetherische-oele.net\/WP\/die-kraft-der-baeume\/","url":"https:\/\/aetherische-oele.net\/WP\/die-kraft-der-baeume\/","name":"Die Kraft der B\u00e4ume - Aromatherapie - Aromapflege - \u00c4therische \u00d6le","isPartOf":{"@id":"https:\/\/aetherische-oele.net\/WP\/#website"},"primaryImageOfPage":{"@id":"https:\/\/aetherische-oele.net\/WP\/die-kraft-der-baeume\/#primaryimage"},"image":{"@id":"https:\/\/aetherische-oele.net\/WP\/die-kraft-der-baeume\/#primaryimage"},"thumbnailUrl":"https:\/\/www.aetherische-oele.net\/Tipps\/douglasie.jpg","datePublished":"2023-07-30T09:57:47+00:00","dateModified":"2023-08-01T07:14:19+00:00","author":{"@id":"https:\/\/aetherische-oele.net\/WP\/#\/schema\/person\/718436a4d57be3f5f8a8b75c925b3ee3"},"breadcrumb":{"@id":"https:\/\/aetherische-oele.net\/WP\/die-kraft-der-baeume\/#breadcrumb"},"inLanguage":"de","potentialAction":[{"@type":"ReadAction","target":["https:\/\/aetherische-oele.net\/WP\/die-kraft-der-baeume\/"]}]},{"@type":"ImageObject","inLanguage":"de","@id":"https:\/\/aetherische-oele.net\/WP\/die-kraft-der-baeume\/#primaryimage","url":"https:\/\/www.aetherische-oele.net\/Tipps\/douglasie.jpg","contentUrl":"https:\/\/www.aetherische-oele.net\/Tipps\/douglasie.jpg"},{"@type":"BreadcrumbList","@id":"https:\/\/aetherische-oele.net\/WP\/die-kraft-der-baeume\/#breadcrumb","itemListElement":[{"@type":"ListItem","position":1,"name":"Startseite","item":"https:\/\/aetherische-oele.net\/WP\/"},{"@type":"ListItem","position":2,"name":"Die Kraft der B\u00e4ume"}]},{"@type":"WebSite","@id":"https:\/\/aetherische-oele.net\/WP\/#website","url":"https:\/\/aetherische-oele.net\/WP\/","name":"Aromatherapie - Aromapflege - \u00c4therische \u00d6le","description":"Das Kompendium online","potentialAction":[{"@type":"SearchAction","target":{"@type":"EntryPoint","urlTemplate":"https:\/\/aetherische-oele.net\/WP\/?s={search_term_string}"},"query-input":{"@type":"PropertyValueSpecification","valueRequired":true,"valueName":"search_term_string"}}],"inLanguage":"de"},{"@type":"Person","@id":"https:\/\/aetherische-oele.net\/WP\/#\/schema\/person\/718436a4d57be3f5f8a8b75c925b3ee3","name":"Baumann","image":{"@type":"ImageObject","inLanguage":"de","@id":"https:\/\/secure.gravatar.com\/avatar\/5d9abffec4357dcdde45f860e431c87387eaefedc4e2fdb4985ebe40a0500b7e?s=96&d=mm&r=g","url":"https:\/\/secure.gravatar.com\/avatar\/5d9abffec4357dcdde45f860e431c87387eaefedc4e2fdb4985ebe40a0500b7e?s=96&d=mm&r=g","contentUrl":"https:\/\/secure.gravatar.com\/avatar\/5d9abffec4357dcdde45f860e431c87387eaefedc4e2fdb4985ebe40a0500b7e?s=96&d=mm&r=g","caption":"Baumann"},"sameAs":["https:\/\/aetherische-oele.net\/WP"],"url":"https:\/\/aetherische-oele.net\/WP\/author\/baumann\/"}]}},"jetpack_featured_media_url":"","jetpack_sharing_enabled":true,"public_identification_id":"99e1c7accee047418789ffe2c88b99c4","private_identification_id":"6e440c62758c4e71930ce373453e09c9","_links":{"self":[{"href":"https:\/\/aetherische-oele.net\/WP\/wp-json\/wp\/v2\/posts\/104","targetHints":{"allow":["GET"]}}],"collection":[{"href":"https:\/\/aetherische-oele.net\/WP\/wp-json\/wp\/v2\/posts"}],"about":[{"href":"https:\/\/aetherische-oele.net\/WP\/wp-json\/wp\/v2\/types\/post"}],"author":[{"embeddable":true,"href":"https:\/\/aetherische-oele.net\/WP\/wp-json\/wp\/v2\/users\/1"}],"replies":[{"embeddable":true,"href":"https:\/\/aetherische-oele.net\/WP\/wp-json\/wp\/v2\/comments?post=104"}],"version-history":[{"count":1,"href":"https:\/\/aetherische-oele.net\/WP\/wp-json\/wp\/v2\/posts\/104\/revisions"}],"predecessor-version":[{"id":105,"href":"https:\/\/aetherische-oele.net\/WP\/wp-json\/wp\/v2\/posts\/104\/revisions\/105"}],"wp:attachment":[{"href":"https:\/\/aetherische-oele.net\/WP\/wp-json\/wp\/v2\/media?parent=104"}],"wp:term":[{"taxonomy":"category","embeddable":true,"href":"https:\/\/aetherische-oele.net\/WP\/wp-json\/wp\/v2\/categories?post=104"},{"taxonomy":"post_tag","embeddable":true,"href":"https:\/\/aetherische-oele.net\/WP\/wp-json\/wp\/v2\/tags?post=104"}],"curies":[{"name":"wp","href":"https:\/\/api.w.org\/{rel}","templated":true}]}}