{"id":172,"date":"2023-07-30T17:37:26","date_gmt":"2023-07-30T15:37:26","guid":{"rendered":"https:\/\/aetherische-oele.net\/WP\/?p=172"},"modified":"2023-12-20T11:06:05","modified_gmt":"2023-12-20T10:06:05","slug":"bohnenkrautoel-satureja-hortensis","status":"publish","type":"post","link":"https:\/\/aetherische-oele.net\/WP\/bohnenkrautoel-satureja-hortensis\/","title":{"rendered":"Bergbohnenkraut\u00f6l (Satureja hortensis)"},"content":{"rendered":"<div>\n<h1 class=\"nobreak\">Berg-Bohnenkraut\u00f6l (Satureja hortensis)<\/h1>\n<\/div>\n<div>\n<p>Viele kennen das Bohnenkraut als Gew\u00fcrz f\u00fcr Bohnengerichte. Daher kommt \u00fcbrigens auch sein Name.<\/p>\n<p>Das Bohnenkraut f\u00f6rdert die Verdauung und verringert die Bl\u00e4hungsneigung. Zudem verringert es Bauchkr\u00e4mpfe, die manchmal beim Bohnen-Essen auftreten.<\/p>\n<p>Der Geruch des Bohnenkraut\u00f6ls kann man als herb bezeichnen, f\u00fcr eine Duftlampe nicht unbedingt geeignet.<\/p>\n<p>Bohnenkraut verwendet man deshalb mehr f\u00fcr Heilzwecke als zur Beduftung eines Raumes. Es ist ein gutes St\u00e4rkungsmittel, falls man energielos ist oder an einer k\u00f6rperlichen Schw\u00e4che leidet.<\/p>\n<p>&nbsp;<\/p>\n<h2>Das Bohnenkraut\u00f6l bei der Aromatherapie<\/h2>\n<p><strong>Der Ursprung dieses \u00d6les<\/strong><\/p>\n<p>Bei dem Bohnenkraut, welches in der lateinischen Sprache auch als Satureja montana bezeichnet wird, handelt es sich um eine Pflanze, welche ihren Ursprung im Balkan hat. Mittlerweile ist es allerdings schon l\u00e4nger so, dass das \u201eSommer-Bohnenkraut\u201c (lateinische Bezeichnung: Satureja hortensis), welches schmale Bl\u00e4tter mit intensivem Duft sowie kleine Bl\u00fcten in einer wei\u00dfen bis helllila Farbe hat, au\u00dferdem in n\u00f6rdlichen Gartenanlagen zu finden ist. Es handelt sich beim Bohnenkraut um eine Gew\u00fcrzpflanze. Diese z\u00e4hlt zur Gruppe der sogenannten Lippenbl\u00fctler.<\/p>\n<p>Schon zu Zeiten der Antike wusste man, dass das Bohnenkraut weit mehr bietet, als lediglich die Verwendung als Gew\u00fcrz. Das Gew\u00fcrzkraut galt n\u00e4mlich bereits damals als Heilpflanze. Auch Hildegard von Bingen verk\u00fcndete w\u00e4hrend dem Mittelalter, dass das Bohnenkraut sich auch sehr gut auf seelische Belange auswirken kann. Die Volksheilkunde verwendet diese Pflanze bereits mehrere Jahrhunderte lang, um verschiedene Atemwegserkrankungen, wie beispielsweise Keuchhusten, zu behandeln.<\/p>\n<p>Die Benennung von dem Bohnenkraut r\u00fchrt daher, dass es im Zeichen der Tradition zum W\u00fcrzen von Bohnengerichten verwendet wird. Ebenso wird es bei Bohnengerichten zur Unterst\u00fctzung der Verdauung verwendet.<\/p>\n<p>Das \u00e4therische \u00d6l dieser Gew\u00fcrzpflanze ist in allen m\u00f6glichen Produkten der K\u00f6rperpflege enthalten. Die h\u00e4ufige Verwendung hier scheint etwas verwunderlich, da empfindliche Haut auf das \u00e4therische \u00d6l vom Bohnenkraut gereizt reagieren kann und allergische Reaktionen aufzeigen kann, welche f\u00fcr den Betroffenen unangenehm sind.<\/p>\n<h3><\/h3>\n<h3>Die Gewinnung von Bohnenkraut\u00f6l<\/h3>\n<p>Um von dem Bohnenkraut das \u00e4therische \u00d6l zu gewinnen, nimmt man die getrockneten Bl\u00e4tter der Pflanze und f\u00fchrt mit ihnen eine Wasserdampfdestillation durch. Dabei ben\u00f6tigt man f\u00fcr ein Gramm des \u00e4therischen \u00d6ls zwischen 12,5 und 50 Kilogramm des Bohnenkrauts. Die genaue Menge ist abh\u00e4ngig von dem Gehalt des \u00e4therischen \u00d6ls.<\/p>\n<p>&nbsp;<\/p>\n<h3>Der Duft<\/h3>\n<p>Das \u00e4therische \u00d6l vom Bohnenkraut hat einen w\u00fcrzigen Geruch. Es duftet ziemlich herb und enth\u00e4lt ein bestimmtes Ma\u00df an Sch\u00e4rfe, wie es beispielsweise auch bei gegerbtem Leder zu bemerken ist. Es findet \u00fcblicherweise keine Verwendung f\u00fcr die Beduftung von R\u00e4umen statt. Dennoch hat das \u00e4therische Bohnenkraut\u00f6l seinen festen Stand in der Aromatherapie.<\/p>\n<p>&nbsp;<\/p>\n<h3>Die m\u00f6glichen Verwendungen von Bohnenkraut\u00f6l<\/h3>\n<p>Die Bohnenkrautbl\u00e4tter werden h\u00e4ufig als Gew\u00fcrz eingesetzt. Insbesondere bei gr\u00fcnen Bohnen verwendet man die Pflanze gerne. Bei dem \u00e4therischen \u00d6l der Gew\u00fcrzpflanze stehen allerdings heilende Wirkungen im Vordergrund.<\/p>\n<p>Das \u00e4therische Bohnenkraut\u00f6l regt die Produktion von Verdauungss\u00e4ften an und kann dabei helfen, Kr\u00e4mpfe zu l\u00f6sen. Daher verwendet man es h\u00e4ufig bei Bl\u00e4hungen, Verdauungsbeschwerden oder Durchfall. Ein weiteres bedeutendes Einsatzgebiet sind Atemwegserkrankungen. So wird das \u00e4therische \u00d6l vom Bohnenkraut h\u00e4ufig bei Bronchialkrankheiten oder Keuchhusten in Form eines Badezusatzes eingesetzt.<\/p>\n<p>Das \u00e4therische \u00d6l von diesem Gew\u00fcrzkraut hat eine fungizide und antibakterielle Wirkung. Daher kann es auch \u00e4u\u00dferst hilfreich sein, um Pilzkrankheiten zu behandeln oder wenn die Darmflora reguliert werden muss. Au\u00dferdem findet das Bohnenkraut h\u00e4ufig bei Menschen mit Diabetes Einsatz, da diesen zu der Zubereitung eines Bohnenkrauttees geraten wird, der bei dem oftmals stark auftretendem Durstgef\u00fchl helfen soll.<\/p>\n<p>Das \u00e4therische Bohnenkraut\u00f6l wird au\u00dferdem verwendet, um verschiedene Lebensmittel zu aromatisieren. Auch nimmt man es mit seinem w\u00fcrzigen Duft immer wieder als Zusatz bei folgenden Produkten:<\/p>\n<ul>\n<li>Waschmitteln<\/li>\n<li>Parf\u00fcms<\/li>\n<li>K\u00f6rperpflegeprodukten<\/li>\n<\/ul>\n<p>&nbsp;<\/p>\n<h3>Kombinationsm\u00f6glichkeiten und harmonische Wirkung mit weiteren \u00e4therischen \u00d6len<\/h3>\n<p>Wie bereits angesprochen hat das \u00e4therische \u00d6l vom Bohnenkraut einen w\u00fcrzigen und ziemlich herben Geruch. Daher wird es \u00fcblicherweise nicht als Duft\u00f6l verwendet. Eine Kombination dieses \u00e4therischen Gew\u00fcrz\u00f6ls mit anderen \u00e4therischen \u00d6len kommt somit lediglich dann in Frage, wenn ein Hautkontakt auftreten wird und unangenehme Hautreaktionen abgewendet werden sollen. In diesem Fall ist die Verwendung von Jojoba- oder Mandel\u00f6l sinnvoll, um das \u00e4therische Bohnenkraut\u00f6l zu verd\u00fcnnen.<\/p>\n<p>&nbsp;<\/p>\n<\/div>\n<p>&nbsp;<\/p>\n<div><\/div>\n<p>&nbsp;<\/p>\n<div>\n<h2 class=\"nobreak\">Steckbrief von Bohnenkraut\u00f6l<\/h2>\n<\/div>\n<div>\n<div id=\"container0\">\n<div class=\"item\"><strong>Herstellung<\/strong><br \/>\nWasserdampfdestillation des Krautes<br \/>\n125 &#8211; 550 kg ergeben 1 l \u00d6l.<\/div>\n<\/div>\n<div><\/div>\n<div id=\"container0\">\n<div class=\"item\"><strong>Duft<\/strong><br \/>\nKr\u00e4uterartig, frisch, lederartig, herb, w\u00fcrzig, medizinisch<\/div>\n<\/div>\n<div><\/div>\n<div id=\"container0\">\n<div class=\"item\"><strong><a href=\"https:\/\/aetherische-oele.net\/WP\/oele-und-inhaltsstoffe-und-wirkung\/\">Inhaltsstoffe<\/a> <\/strong><br \/>\nCarvacrol, Cienol, <a href=\"https:\/\/aetherische-oele.net\/WP\/pinen\/\">Pinen<\/a>, Terpene, Thymol, Zymen<\/div>\n<\/div>\n<\/div>\n<div><\/div>\n<div><\/div>\n<div><\/div>\n<div><\/div>\n<div><\/div>\n<div><\/div>\n<div><\/div>\n<div><\/div>\n<div><\/div>\n<div>\n\n\t\t<style type=\"text\/css\">\n\t\t\t#gallery-1 {\n\t\t\t\tmargin: auto;\n\t\t\t}\n\t\t\t#gallery-1 .gallery-item {\n\t\t\t\tfloat: left;\n\t\t\t\tmargin-top: 10px;\n\t\t\t\ttext-align: center;\n\t\t\t\twidth: 50%;\n\t\t\t}\n\t\t\t#gallery-1 img {\n\t\t\t\tborder: 2px solid #cfcfcf;\n\t\t\t}\n\t\t\t#gallery-1 .gallery-caption {\n\t\t\t\tmargin-left: 0;\n\t\t\t}\n\t\t\t\/* see gallery_shortcode() in wp-includes\/media.php *\/\n\t\t<\/style>\n\t\t<div id='gallery-1' class='gallery galleryid-172 gallery-columns-2 gallery-size-large'><dl class='gallery-item'>\n\t\t\t<dt class='gallery-icon portrait'>\n\t\t\t\t<a href='https:\/\/aetherische-oele.net\/WP\/bohnenkrautoel-satureja-hortensis\/bergbohnenkraut-1\/'><img decoding=\"async\" width=\"738\" height=\"1024\" data-src=\"https:\/\/aetherische-oele.net\/WP\/wp-content\/uploads\/Bergbohnenkraut-1-738x1024.jpg\" class=\"attachment-large size-large lazyload\" alt=\"Bergbohnenkraut\" aria-describedby=\"gallery-1-3245\" data-srcset=\"https:\/\/aetherische-oele.net\/WP\/wp-content\/uploads\/\/Bergbohnenkraut-1-738x1024.jpg 738w, https:\/\/aetherische-oele.net\/WP\/wp-content\/uploads\/\/Bergbohnenkraut-1-361x500.jpg 361w, https:\/\/aetherische-oele.net\/WP\/wp-content\/uploads\/\/Bergbohnenkraut-1-768x1065.jpg 768w, https:\/\/aetherische-oele.net\/WP\/wp-content\/uploads\/\/Bergbohnenkraut-1-1108x1536.jpg 1108w, https:\/\/aetherische-oele.net\/WP\/wp-content\/uploads\/\/Bergbohnenkraut-1.jpg 1311w\" data-sizes=\"(max-width: 738px) 100vw, 738px\" src=\"data:image\/svg+xml;base64,PHN2ZyB3aWR0aD0iMSIgaGVpZ2h0PSIxIiB4bWxucz0iaHR0cDovL3d3dy53My5vcmcvMjAwMC9zdmciPjwvc3ZnPg==\" style=\"--smush-placeholder-width: 738px; --smush-placeholder-aspect-ratio: 738\/1024;\" \/><\/a>\n\t\t\t<\/dt>\n\t\t\t\t<dd class='wp-caption-text gallery-caption' id='gallery-1-3245'>\n\t\t\t\tBergbohnenkraut \n\t\t\t\t<\/dd><\/dl><dl class='gallery-item'>\n\t\t\t<dt class='gallery-icon portrait'>\n\t\t\t\t<a href='https:\/\/aetherische-oele.net\/WP\/bohnenkrautoel-satureja-hortensis\/bergbohnenkraut-2\/'><img decoding=\"async\" width=\"738\" height=\"1024\" data-src=\"https:\/\/aetherische-oele.net\/WP\/wp-content\/uploads\/Bergbohnenkraut-2-738x1024.jpg\" class=\"attachment-large size-large lazyload\" alt=\"\" data-srcset=\"https:\/\/aetherische-oele.net\/WP\/wp-content\/uploads\/\/Bergbohnenkraut-2-738x1024.jpg 738w, https:\/\/aetherische-oele.net\/WP\/wp-content\/uploads\/\/Bergbohnenkraut-2-361x500.jpg 361w, https:\/\/aetherische-oele.net\/WP\/wp-content\/uploads\/\/Bergbohnenkraut-2-768x1065.jpg 768w, https:\/\/aetherische-oele.net\/WP\/wp-content\/uploads\/\/Bergbohnenkraut-2-1108x1536.jpg 1108w, https:\/\/aetherische-oele.net\/WP\/wp-content\/uploads\/\/Bergbohnenkraut-2.jpg 1311w\" data-sizes=\"(max-width: 738px) 100vw, 738px\" src=\"data:image\/svg+xml;base64,PHN2ZyB3aWR0aD0iMSIgaGVpZ2h0PSIxIiB4bWxucz0iaHR0cDovL3d3dy53My5vcmcvMjAwMC9zdmciPjwvc3ZnPg==\" style=\"--smush-placeholder-width: 738px; --smush-placeholder-aspect-ratio: 738\/1024;\" \/><\/a>\n\t\t\t<\/dt><\/dl><br style=\"clear: both\" \/>\n\t\t<\/div>\n\n<\/div>\n<p>&nbsp;<\/p>\n<div><\/div>\n<div><\/div>\n<div>\n<div id=\"container0\">\n<div class=\"item\"><strong>Anwendungsarten von Bohnenkraut<\/strong><br \/>\nAls Balsam<br \/>\nF\u00fcr B\u00e4der<br \/>\nF\u00fcr Kompressen<\/div>\n<div class=\"item\"><strong>Signatur <\/strong><br \/>\nMerkur<\/div>\n<div class=\"item\"><strong>Herkunft<\/strong><br \/>\nEuropa und Marokko<\/div>\n<div class=\"item\">\n<p><strong>Wirkungen auf den K\u00f6rper durch Verwendung von diesem \u00e4therischen \u00d6l<\/strong><\/p>\n<p>Das \u00e4therische \u00d6l vom Bohnenkraut hat bei seiner Wirkung folgende Eigenschaften:<\/p>\n<ul>\n<li>Krampfl\u00f6send<\/li>\n<li>Verdauungsf\u00f6rdernd<\/li>\n<li>Antibakteriell<\/li>\n<li>Fungizid<\/li>\n<\/ul>\n<\/div>\n<div class=\"item\"><strong>Element<\/strong><br \/>\nErde<\/div>\n<div class=\"item\">\n<p><span class=\"ueberschrift\"><strong>Wirkung <\/strong><strong> des Bohnenkraut\u00f6les <\/strong><strong>auf die Seele<\/strong><\/span><\/p>\n<p>In erster Linie ist das \u00e4therische \u00d6l des Bohnenkrautes f\u00fcr seine positive <a href=\"https:\/\/aetherische-oele.net\/WP\/wirkung-auf-den-koerper-bestimmte-oele-fuer-bestimmte-koerperteile\/\">Wirkung auf den K\u00f6rper<\/a> bekannt. Allerdings kann es auch eine sehr gute seelische Wirkung erzielen. Somit kann dieses \u00e4therische \u00d6l auch mit Fokus auf die Seele durchaus ein Heilmittel sein.<\/p>\n<p>Folgende Wirkungen sind hier bekannt:<\/p>\n<ul>\n<li>Es tr\u00e4gt zur Entspannung bei.<\/li>\n<li>Verkrampfungen im Inneren werden gel\u00f6st.<\/li>\n<li>Die Stimmung kann gebessert werden.<\/li>\n<li>Macht harmonisch f\u00fcr neue Aktivit\u00e4ten.<\/li>\n<li>Regt den Geist, den Intellekt und die Sexualit\u00e4t an.<\/li>\n<li>Hilft \u00fcber psychische Schw\u00e4chezust\u00e4nde und emotionale Krisen hinweg.<\/li>\n<li>Gegen Lethargie<\/li>\n<\/ul>\n<\/div>\n<div><\/div>\n<div class=\"item\"><strong>Herkunft<\/strong><br \/>\nEuropa und Marokko<\/div>\n<\/div>\n<\/div>\n<p>&nbsp;<\/p>\n<div>\n<h2 class=\"nobreak\">Anwendungsgebiete von Bohnenkraut\u00f6l<\/h2>\n<\/div>\n<div>\n<div class=\"item\"><\/div>\n<div><\/div>\n<div id=\"container1\">\n<div class=\"item\"><span class=\"ueberschrift\"><strong>\u00c4u\u00dfere Anwendung<\/strong><strong> von Bohnenkraut<\/strong><br \/>\nBei Insektenstichen verhindert es Schwellungen u. Schmerzen.<br \/>\nIn Gurgelwasser bei Halsschmerzen<br \/>\nSchwerh\u00f6rigkeit<br \/>\nWundheilung<\/span><\/div>\n<div><\/div>\n<\/div>\n<\/div>\n<div><strong>Eine innere Anwendung sollte vorher mit dem Arzt abgesprochen werden!<\/strong><\/div>\n<p>&nbsp;<\/p>\n<div>\n<h2 class=\"nobreak\">Vorsicht<\/h2>\n<\/div>\n<div>Bergbohnenkraut dieses \u00d6l sollte nicht verwendet werden bei kleinen Kindern , S\u00e4uglingen und schwangeren Frauen.<\/div>\n<div>\nKeine langfristige oder einmalige hohe Dosierung einnehmen, da Bohnenkraut\u00f6l toxisch ist!<\/p>\n<p>In B\u00e4dern und Massagen gering dosieren, da leicht hautreizend! Die \u00e4usserliche Anwendung kann die Haut reizen, deshalb sollte man darauf achten, dass man das \u00d6l vern\u00fcnftig verd\u00fcnnt.<\/p>\n<p>Man sollte darauf achten, dass man das \u00d6l niemals unverd\u00fcnnt auf die Haut gibt. Ausserdem sollte man erst einen Test durchf\u00fchren, ob man das \u00d6l vertr\u00e4gt.<\/p><\/div>\n<div>\n<\/div>\n","protected":false},"excerpt":{"rendered":"<p>Berg-Bohnenkraut\u00f6l (Satureja hortensis) Viele kennen das Bohnenkraut als Gew\u00fcrz f\u00fcr Bohnengerichte. Daher kommt \u00fcbrigens auch sein Name. Das Bohnenkraut f\u00f6rdert die Verdauung und verringert die Bl\u00e4hungsneigung. Zudem verringert es Bauchkr\u00e4mpfe, die manchmal beim Bohnen-Essen auftreten. Der Geruch des Bohnenkraut\u00f6ls kann man als herb bezeichnen, f\u00fcr eine Duftlampe nicht unbedingt geeignet. Bohnenkraut verwendet man deshalb mehr [&hellip;]<\/p>\n","protected":false},"author":1,"featured_media":0,"comment_status":"open","ping_status":"open","sticky":false,"template":"","format":"standard","meta":{"_coblocks_attr":"","_coblocks_dimensions":"","_coblocks_responsive_height":"","_coblocks_accordion_ie_support":"","_metis_text_type":"standard","_metis_text_length":6929,"_post_count":0,"_jetpack_memberships_contains_paid_content":false,"footnotes":""},"categories":[7],"tags":[],"class_list":["post-172","post","type-post","status-publish","format-standard","hentry","category-aetherische-oele"],"yoast_head":"<!-- This site is optimized with the Yoast SEO plugin v27.4 - https:\/\/yoast.com\/product\/yoast-seo-wordpress\/ -->\n<title>Bergbohnenkraut\u00f6l (Satureja hortensis) - Aromatherapie - Aromapflege - \u00c4therische \u00d6le<\/title>\n<meta name=\"robots\" content=\"index, follow, max-snippet:-1, max-image-preview:large, max-video-preview:-1\" \/>\n<link rel=\"canonical\" href=\"https:\/\/aetherische-oele.net\/WP\/bohnenkrautoel-satureja-hortensis\/\" \/>\n<meta property=\"og:locale\" content=\"de_DE\" \/>\n<meta property=\"og:type\" content=\"article\" \/>\n<meta property=\"og:title\" content=\"Bergbohnenkraut\u00f6l (Satureja hortensis) - Aromatherapie - Aromapflege - \u00c4therische \u00d6le\" \/>\n<meta property=\"og:description\" content=\"Berg-Bohnenkraut\u00f6l (Satureja hortensis) Viele kennen das Bohnenkraut als Gew\u00fcrz f\u00fcr Bohnengerichte. Daher kommt \u00fcbrigens auch sein Name. Das Bohnenkraut f\u00f6rdert die Verdauung und verringert die Bl\u00e4hungsneigung. Zudem verringert es Bauchkr\u00e4mpfe, die manchmal beim Bohnen-Essen auftreten. Der Geruch des Bohnenkraut\u00f6ls kann man als herb bezeichnen, f\u00fcr eine Duftlampe nicht unbedingt geeignet. Bohnenkraut verwendet man deshalb mehr [&hellip;]\" \/>\n<meta property=\"og:url\" content=\"https:\/\/aetherische-oele.net\/WP\/bohnenkrautoel-satureja-hortensis\/\" \/>\n<meta property=\"og:site_name\" content=\"Aromatherapie - Aromapflege - \u00c4therische \u00d6le\" \/>\n<meta property=\"article:published_time\" content=\"2023-07-30T15:37:26+00:00\" \/>\n<meta property=\"article:modified_time\" content=\"2023-12-20T10:06:05+00:00\" \/>\n<meta property=\"og:image\" content=\"https:\/\/aetherische-oele.net\/WP\/wp-content\/uploads\/Bergbohnenkraut-1-738x1024.jpg\" \/>\n<meta name=\"author\" content=\"Baumann\" \/>\n<meta name=\"twitter:card\" content=\"summary_large_image\" \/>\n<meta name=\"twitter:label1\" content=\"Verfasst von\" \/>\n\t<meta name=\"twitter:data1\" content=\"Baumann\" \/>\n\t<meta name=\"twitter:label2\" content=\"Gesch\u00e4tzte Lesezeit\" \/>\n\t<meta name=\"twitter:data2\" content=\"6\u00a0Minuten\" \/>\n<script type=\"application\/ld+json\" class=\"yoast-schema-graph\">{\"@context\":\"https:\\\/\\\/schema.org\",\"@graph\":[{\"@type\":\"Article\",\"@id\":\"https:\\\/\\\/aetherische-oele.net\\\/WP\\\/bohnenkrautoel-satureja-hortensis\\\/#article\",\"isPartOf\":{\"@id\":\"https:\\\/\\\/aetherische-oele.net\\\/WP\\\/bohnenkrautoel-satureja-hortensis\\\/\"},\"author\":{\"name\":\"Baumann\",\"@id\":\"https:\\\/\\\/aetherische-oele.net\\\/WP\\\/#\\\/schema\\\/person\\\/718436a4d57be3f5f8a8b75c925b3ee3\"},\"headline\":\"Bergbohnenkraut\u00f6l (Satureja hortensis)\",\"datePublished\":\"2023-07-30T15:37:26+00:00\",\"dateModified\":\"2023-12-20T10:06:05+00:00\",\"mainEntityOfPage\":{\"@id\":\"https:\\\/\\\/aetherische-oele.net\\\/WP\\\/bohnenkrautoel-satureja-hortensis\\\/\"},\"wordCount\":1074,\"commentCount\":0,\"articleSection\":[\"\u00c4therische \u00d6le\"],\"inLanguage\":\"de\",\"potentialAction\":[{\"@type\":\"CommentAction\",\"name\":\"Comment\",\"target\":[\"https:\\\/\\\/aetherische-oele.net\\\/WP\\\/bohnenkrautoel-satureja-hortensis\\\/#respond\"]}]},{\"@type\":\"WebPage\",\"@id\":\"https:\\\/\\\/aetherische-oele.net\\\/WP\\\/bohnenkrautoel-satureja-hortensis\\\/\",\"url\":\"https:\\\/\\\/aetherische-oele.net\\\/WP\\\/bohnenkrautoel-satureja-hortensis\\\/\",\"name\":\"Bergbohnenkraut\u00f6l (Satureja hortensis) - Aromatherapie - Aromapflege - \u00c4therische \u00d6le\",\"isPartOf\":{\"@id\":\"https:\\\/\\\/aetherische-oele.net\\\/WP\\\/#website\"},\"datePublished\":\"2023-07-30T15:37:26+00:00\",\"dateModified\":\"2023-12-20T10:06:05+00:00\",\"author\":{\"@id\":\"https:\\\/\\\/aetherische-oele.net\\\/WP\\\/#\\\/schema\\\/person\\\/718436a4d57be3f5f8a8b75c925b3ee3\"},\"breadcrumb\":{\"@id\":\"https:\\\/\\\/aetherische-oele.net\\\/WP\\\/bohnenkrautoel-satureja-hortensis\\\/#breadcrumb\"},\"inLanguage\":\"de\",\"potentialAction\":[{\"@type\":\"ReadAction\",\"target\":[\"https:\\\/\\\/aetherische-oele.net\\\/WP\\\/bohnenkrautoel-satureja-hortensis\\\/\"]}]},{\"@type\":\"BreadcrumbList\",\"@id\":\"https:\\\/\\\/aetherische-oele.net\\\/WP\\\/bohnenkrautoel-satureja-hortensis\\\/#breadcrumb\",\"itemListElement\":[{\"@type\":\"ListItem\",\"position\":1,\"name\":\"Startseite\",\"item\":\"https:\\\/\\\/aetherische-oele.net\\\/WP\\\/\"},{\"@type\":\"ListItem\",\"position\":2,\"name\":\"Bergbohnenkraut\u00f6l (Satureja hortensis)\"}]},{\"@type\":\"WebSite\",\"@id\":\"https:\\\/\\\/aetherische-oele.net\\\/WP\\\/#website\",\"url\":\"https:\\\/\\\/aetherische-oele.net\\\/WP\\\/\",\"name\":\"Aromatherapie - Aromapflege - \u00c4therische \u00d6le\",\"description\":\"Das Kompendium online\",\"potentialAction\":[{\"@type\":\"SearchAction\",\"target\":{\"@type\":\"EntryPoint\",\"urlTemplate\":\"https:\\\/\\\/aetherische-oele.net\\\/WP\\\/?s={search_term_string}\"},\"query-input\":{\"@type\":\"PropertyValueSpecification\",\"valueRequired\":true,\"valueName\":\"search_term_string\"}}],\"inLanguage\":\"de\"},{\"@type\":\"Person\",\"@id\":\"https:\\\/\\\/aetherische-oele.net\\\/WP\\\/#\\\/schema\\\/person\\\/718436a4d57be3f5f8a8b75c925b3ee3\",\"name\":\"Baumann\",\"image\":{\"@type\":\"ImageObject\",\"inLanguage\":\"de\",\"@id\":\"https:\\\/\\\/secure.gravatar.com\\\/avatar\\\/5d9abffec4357dcdde45f860e431c87387eaefedc4e2fdb4985ebe40a0500b7e?s=96&d=mm&r=g\",\"url\":\"https:\\\/\\\/secure.gravatar.com\\\/avatar\\\/5d9abffec4357dcdde45f860e431c87387eaefedc4e2fdb4985ebe40a0500b7e?s=96&d=mm&r=g\",\"contentUrl\":\"https:\\\/\\\/secure.gravatar.com\\\/avatar\\\/5d9abffec4357dcdde45f860e431c87387eaefedc4e2fdb4985ebe40a0500b7e?s=96&d=mm&r=g\",\"caption\":\"Baumann\"},\"sameAs\":[\"https:\\\/\\\/aetherische-oele.net\\\/WP\"],\"url\":\"https:\\\/\\\/aetherische-oele.net\\\/WP\\\/author\\\/baumann\\\/\"}]}<\/script>\n<!-- \/ Yoast SEO plugin. -->","yoast_head_json":{"title":"Bergbohnenkraut\u00f6l (Satureja hortensis) - Aromatherapie - Aromapflege - \u00c4therische \u00d6le","robots":{"index":"index","follow":"follow","max-snippet":"max-snippet:-1","max-image-preview":"max-image-preview:large","max-video-preview":"max-video-preview:-1"},"canonical":"https:\/\/aetherische-oele.net\/WP\/bohnenkrautoel-satureja-hortensis\/","og_locale":"de_DE","og_type":"article","og_title":"Bergbohnenkraut\u00f6l (Satureja hortensis) - Aromatherapie - Aromapflege - \u00c4therische \u00d6le","og_description":"Berg-Bohnenkraut\u00f6l (Satureja hortensis) Viele kennen das Bohnenkraut als Gew\u00fcrz f\u00fcr Bohnengerichte. Daher kommt \u00fcbrigens auch sein Name. Das Bohnenkraut f\u00f6rdert die Verdauung und verringert die Bl\u00e4hungsneigung. Zudem verringert es Bauchkr\u00e4mpfe, die manchmal beim Bohnen-Essen auftreten. Der Geruch des Bohnenkraut\u00f6ls kann man als herb bezeichnen, f\u00fcr eine Duftlampe nicht unbedingt geeignet. Bohnenkraut verwendet man deshalb mehr [&hellip;]","og_url":"https:\/\/aetherische-oele.net\/WP\/bohnenkrautoel-satureja-hortensis\/","og_site_name":"Aromatherapie - Aromapflege - \u00c4therische \u00d6le","article_published_time":"2023-07-30T15:37:26+00:00","article_modified_time":"2023-12-20T10:06:05+00:00","og_image":[{"url":"https:\/\/aetherische-oele.net\/WP\/wp-content\/uploads\/Bergbohnenkraut-1-738x1024.jpg","type":"","width":"","height":""}],"author":"Baumann","twitter_card":"summary_large_image","twitter_misc":{"Verfasst von":"Baumann","Gesch\u00e4tzte Lesezeit":"6\u00a0Minuten"},"schema":{"@context":"https:\/\/schema.org","@graph":[{"@type":"Article","@id":"https:\/\/aetherische-oele.net\/WP\/bohnenkrautoel-satureja-hortensis\/#article","isPartOf":{"@id":"https:\/\/aetherische-oele.net\/WP\/bohnenkrautoel-satureja-hortensis\/"},"author":{"name":"Baumann","@id":"https:\/\/aetherische-oele.net\/WP\/#\/schema\/person\/718436a4d57be3f5f8a8b75c925b3ee3"},"headline":"Bergbohnenkraut\u00f6l (Satureja hortensis)","datePublished":"2023-07-30T15:37:26+00:00","dateModified":"2023-12-20T10:06:05+00:00","mainEntityOfPage":{"@id":"https:\/\/aetherische-oele.net\/WP\/bohnenkrautoel-satureja-hortensis\/"},"wordCount":1074,"commentCount":0,"articleSection":["\u00c4therische \u00d6le"],"inLanguage":"de","potentialAction":[{"@type":"CommentAction","name":"Comment","target":["https:\/\/aetherische-oele.net\/WP\/bohnenkrautoel-satureja-hortensis\/#respond"]}]},{"@type":"WebPage","@id":"https:\/\/aetherische-oele.net\/WP\/bohnenkrautoel-satureja-hortensis\/","url":"https:\/\/aetherische-oele.net\/WP\/bohnenkrautoel-satureja-hortensis\/","name":"Bergbohnenkraut\u00f6l (Satureja hortensis) - Aromatherapie - Aromapflege - \u00c4therische \u00d6le","isPartOf":{"@id":"https:\/\/aetherische-oele.net\/WP\/#website"},"datePublished":"2023-07-30T15:37:26+00:00","dateModified":"2023-12-20T10:06:05+00:00","author":{"@id":"https:\/\/aetherische-oele.net\/WP\/#\/schema\/person\/718436a4d57be3f5f8a8b75c925b3ee3"},"breadcrumb":{"@id":"https:\/\/aetherische-oele.net\/WP\/bohnenkrautoel-satureja-hortensis\/#breadcrumb"},"inLanguage":"de","potentialAction":[{"@type":"ReadAction","target":["https:\/\/aetherische-oele.net\/WP\/bohnenkrautoel-satureja-hortensis\/"]}]},{"@type":"BreadcrumbList","@id":"https:\/\/aetherische-oele.net\/WP\/bohnenkrautoel-satureja-hortensis\/#breadcrumb","itemListElement":[{"@type":"ListItem","position":1,"name":"Startseite","item":"https:\/\/aetherische-oele.net\/WP\/"},{"@type":"ListItem","position":2,"name":"Bergbohnenkraut\u00f6l (Satureja hortensis)"}]},{"@type":"WebSite","@id":"https:\/\/aetherische-oele.net\/WP\/#website","url":"https:\/\/aetherische-oele.net\/WP\/","name":"Aromatherapie - Aromapflege - \u00c4therische \u00d6le","description":"Das Kompendium online","potentialAction":[{"@type":"SearchAction","target":{"@type":"EntryPoint","urlTemplate":"https:\/\/aetherische-oele.net\/WP\/?s={search_term_string}"},"query-input":{"@type":"PropertyValueSpecification","valueRequired":true,"valueName":"search_term_string"}}],"inLanguage":"de"},{"@type":"Person","@id":"https:\/\/aetherische-oele.net\/WP\/#\/schema\/person\/718436a4d57be3f5f8a8b75c925b3ee3","name":"Baumann","image":{"@type":"ImageObject","inLanguage":"de","@id":"https:\/\/secure.gravatar.com\/avatar\/5d9abffec4357dcdde45f860e431c87387eaefedc4e2fdb4985ebe40a0500b7e?s=96&d=mm&r=g","url":"https:\/\/secure.gravatar.com\/avatar\/5d9abffec4357dcdde45f860e431c87387eaefedc4e2fdb4985ebe40a0500b7e?s=96&d=mm&r=g","contentUrl":"https:\/\/secure.gravatar.com\/avatar\/5d9abffec4357dcdde45f860e431c87387eaefedc4e2fdb4985ebe40a0500b7e?s=96&d=mm&r=g","caption":"Baumann"},"sameAs":["https:\/\/aetherische-oele.net\/WP"],"url":"https:\/\/aetherische-oele.net\/WP\/author\/baumann\/"}]}},"jetpack_featured_media_url":"","jetpack_sharing_enabled":true,"public_identification_id":"f97ab70a3e4b414e87a53026722a6b75","private_identification_id":"ae07f62f18e14671b43b24c6e3cc0e9f","_links":{"self":[{"href":"https:\/\/aetherische-oele.net\/WP\/wp-json\/wp\/v2\/posts\/172","targetHints":{"allow":["GET"]}}],"collection":[{"href":"https:\/\/aetherische-oele.net\/WP\/wp-json\/wp\/v2\/posts"}],"about":[{"href":"https:\/\/aetherische-oele.net\/WP\/wp-json\/wp\/v2\/types\/post"}],"author":[{"embeddable":true,"href":"https:\/\/aetherische-oele.net\/WP\/wp-json\/wp\/v2\/users\/1"}],"replies":[{"embeddable":true,"href":"https:\/\/aetherische-oele.net\/WP\/wp-json\/wp\/v2\/comments?post=172"}],"version-history":[{"count":10,"href":"https:\/\/aetherische-oele.net\/WP\/wp-json\/wp\/v2\/posts\/172\/revisions"}],"predecessor-version":[{"id":3680,"href":"https:\/\/aetherische-oele.net\/WP\/wp-json\/wp\/v2\/posts\/172\/revisions\/3680"}],"wp:attachment":[{"href":"https:\/\/aetherische-oele.net\/WP\/wp-json\/wp\/v2\/media?parent=172"}],"wp:term":[{"taxonomy":"category","embeddable":true,"href":"https:\/\/aetherische-oele.net\/WP\/wp-json\/wp\/v2\/categories?post=172"},{"taxonomy":"post_tag","embeddable":true,"href":"https:\/\/aetherische-oele.net\/WP\/wp-json\/wp\/v2\/tags?post=172"}],"curies":[{"name":"wp","href":"https:\/\/api.w.org\/{rel}","templated":true}]}}