{"id":383,"date":"2023-07-31T16:19:08","date_gmt":"2023-07-31T14:19:08","guid":{"rendered":"https:\/\/aetherische-oele.net\/WP\/?p=383"},"modified":"2023-09-05T15:18:05","modified_gmt":"2023-09-05T13:18:05","slug":"nelkenoel-gewuerznelkenoel-eugenia-caryophyllata","status":"publish","type":"post","link":"https:\/\/aetherische-oele.net\/WP\/nelkenoel-gewuerznelkenoel-eugenia-caryophyllata\/","title":{"rendered":"Nelken\u00f6l &#8211; Gew\u00fcrznelken\u00f6l (Eugenia caryophyllata)"},"content":{"rendered":"<div>\n<h1 class=\"nobreak\">Nelken\u00f6l &#8211; Gew\u00fcrznelken\u00f6l (Eugenia caryophyllata)<\/h1>\n<\/div>\n<div>\n<p><strong>Die Fr\u00fcchte des Gew\u00fcrznelkenbaumes waren in der Antike und im Mittelalter ein besonders wertvolles Heilmittel und nat\u00fcrlich auch ein gern verwendetes Gew\u00fcrz. Zusammen mit dem <a href=\"https:\/\/aetherische-oele.net\/WP\/pfefferoel-piper-nigrum\/\">Pfeffer<\/a>, dem <a href=\"https:\/\/aetherische-oele.net\/WP\/zimtoel-zimtrindenoel-cinnamomum-verum\/\">Zimt<\/a> und dem Muskat waren sie urspr\u00fcnglich auf den Philippinen beheimatet. Inzwischen wird der Nelkenbaum auch in Sri Lanka, Indonesien und Malaysia angepflanzt.<\/strong><\/p>\n<p>&nbsp;<\/p>\n<p>&nbsp;<\/p>\n<p>Wahrscheinlich kennen Sie die Nelke als aromatisches Gew\u00fcrz. Doch ist die Nelke nicht nur ein Gew\u00fcrz, sondern auch ein Heilmittel, das h\u00e4ufig in der indischen und chinesischen Kultur f\u00fcr medizinische Zwecke verwendet wird. Die Nelken, auch als Nelkenknospen bekannt, sind inzwischen auf der ganzen Welt popul\u00e4r, und diese Popularit\u00e4t begann schon im Mittelalter, als man im 7. Jahrhundert auch bei uns ihre gesundheitlichen Vorteile erkannte.<\/p>\n<p>Wie aus vielen anderen Gew\u00fcrzen kann man auch aus Gew\u00fcrznelken ein \u00e4therisches \u00d6l herstellen. Das Nelken\u00f6l ist zwar nicht so popul\u00e4r wie andere \u00e4therische \u00d6le, dennoch ist es einen genaueren Blick wert.<\/p>\n<p>So war das Nelken\u00f6l schon in Zeiten der alten Griechen und R\u00f6mer bekannt, die dieses \u00d6l verwendeten, um Zahnschmerzen damit zu lindern und die damit gegen Mundgeruch vorgingen.<br \/>\nDie gleichen Anwendungen kannte auch die alte chinesische und ayurvedische Medizin.<\/p>\n<p>Heute wird das Nelken\u00f6l f\u00fcr seine F\u00e4higkeiten f\u00fcr die Mundgesundheit gesch\u00e4tzt.<br \/>\nDas \u00e4therische \u00d6l ist schon seit dem Mittelalter bekannt als Zahnnarkosemittel, heute findet es sich auch immer \u00f6fters in Mundwassern sowie in Gurgelmitteln. Dabei hilft es gegen Zahnschmerzen sowie gegen Mund- und Racheninfektionen.<\/p>\n<p>&nbsp;<\/p>\n<p>Die Gew\u00fcrznelke ist auch heute noch eines der bekanntesten Gew\u00fcrze, das fast jeder Mensch kennt.<\/p>\n<p>Die Gew\u00fcrznelken waren fr\u00fcher so wertvoll, dass man wegen ihnen sogar Kriege gef\u00fchrt hat.<\/p>\n<p>Im vierten Jahrhundert brachten die Araber die Nelke nach Europa, wo sie schnell ihren Siegeszug antrat. In der Medizin des Mittelalters verwendet man die Nelke wegen ihrer antiseptischen Wirkung als wertvolles Desinfektionsmittel, man war sehr dankbar, dass es dieses Mittel in den Zeiten der gro\u00dfen Seuchen gab.<\/p>\n<p>Heutzutage setzt man Gew\u00fcrznelken oft bei Zahnschmerzen ein, fast jeder kennt den Tipp, dass man bei Zahnschmerzen auf eine Nelke bei\u00dfen soll, sodass der Schmerz vergeht. Die Nelke hilft aber auch bei anderen Erkrankungen im Mund und im Rachen.<\/p>\n<p>Im Mittelalter verwendete man die Gew\u00fcrznelke, genauer gesagt das \u00d6l der Gew\u00fcrznelke, auch zur Geburtshilfe.<\/p>\n<p>Das \u00e4therische \u00d6l gewinnt man durch eine Wasserdampfdestillation der Knospen. Manchmal gewinnt man Nelken\u00f6l auch aus den Bl\u00e4ttern des Nelkenbaumes, das bessere \u00d6l ist aber das aus der Knospe.<\/p>\n<p>Das Nelken\u00f6l hat eine starke desinfizierende Wirkung, es l\u00f6st Kr\u00e4mpfe und lindert Schmerzen, es hilft gegen Bl\u00e4hungen, es kr\u00e4ftigt den K\u00f6rper und den Geist, es regt uns an und st\u00e4rkt die Geb\u00e4rmutter.<\/p>\n<p>Das \u00d6l hat eine desinfizierende Wirkung auf die Haut und hat sich bei oberfl\u00e4chlichen Hautwunden bew\u00e4hrt, zum Beispiel bei Absch\u00fcrfungen, bei Insektenstichen, bei eiternden Wunden und sogar bei Warzen. Das Nelken\u00f6l hilft auch bei Bl\u00e4hungen und Durchfall, allgemein auch bei Magen-Darm-Beschwerden. Und schlie\u00dflich stimuliert es unser Gehirn, zum Beispiel wenn wir lang und schwer geistiger Arbeit nachgehen m\u00fcssen, zum Beispiel in Pr\u00fcfungszeiten, wo es uns hilft, uns auf die Aufgaben besser zu konzentrieren.<\/p>\n<p>Das \u00d6l hilft auch bei folgenden gesundheitlichen Problemen: Zahnschmerzen, Zahnfleischentz\u00fcndung, Zahnpflege, Magen-Darm-Beschwerden, Durchfall, Bl\u00e4hungen, ausbleibende Menstruation, Insektenschutz, Desinfizierung von Wunden, eitrige Wunden, geistige Ersch\u00f6pfung, Konzentrationsschwierigkeiten, Ged\u00e4chtnisschw\u00e4che.<\/p>\n<p>&nbsp;<\/p>\n<p>&nbsp;<\/p>\n<p><strong>Das \u00d6l der Gew\u00fcrznelke kann unter anderem in folgenden Bereichen helfen:<\/strong><\/p>\n<ul>\n<li><strong>Verdauungshilfe<\/strong><br \/>\nGew\u00fcrznelken entspannen die glatten Muskeln im Magen-Darm-Trakt.<br \/>\nDas ist besonders n\u00fctzlich, wenn man unter Verdauungsproblemen leidet, wie zum Beispiel \u00dcbelkeit und Erbrechen oder einem Reizdarm.<\/li>\n<li><strong>Hautpflege<\/strong><br \/>\nBei \u00e4u\u00dferlicher Anwendung hilft das \u00d6l gegen Hautprobleme wie Warzen, Akne, schlaffe Haut und Falten.<\/li>\n<li><strong>Insektenschutzmittel<\/strong><br \/>\nZusammen mit Zitrus\u00f6len hilft das \u00d6l, Insekten fern zu halten.<\/li>\n<li><strong>L\u00f6send<\/strong><br \/>\nHilft bei der Linderung von Husten, Schnupfen, Nasennebenh\u00f6hlenentz\u00fcndungen, Asthma und sogar Tuberkulose.<br \/>\nAu\u00dferdem kann das Kauen einer Nelkenknospe gegen Halsschmerzen helfen.<\/li>\n<li>Nelken\u00f6l wirkt antiseptisch, es hilft gegen Pilzinfektionen. Es eignet sich daher zur Behandlung von Fu\u00dfpilz.<\/li>\n<li><strong>Seifenbestandteil<\/strong><br \/>\nNelken\u00f6l kennt man auch zur Herstellung von Seifen, da der Duft entspannt und die antiseptischen Eigenschaften wie gemacht f\u00fcr Seifen sind.<\/li>\n<li><strong>Massage\u00f6l<\/strong><br \/>\nDas \u00d6l kann als Massage\u00f6l Schmerzen und Stress lindern.<\/li>\n<\/ul>\n<p>&nbsp;<\/p>\n<h3>Vorsicht<\/h3>\n<p>Man sollte Nelken\u00f6l nicht in der <a href=\"https:\/\/aetherische-oele.net\/WP\/schwangerschaft-und-stillzeit-mit-aromatherapie\/\">Schwangerschaft<\/a> verwenden, Menschen mit empfindlicher Haut und Kinder sollten auf dieses \u00d6l ebenfalls verzichten.<\/p>\n<\/div>\n<p>&nbsp;<\/p>\n<div><\/div>\n<p>&nbsp;<\/p>\n<div>\n<h2 class=\"nobreak\">Steckbrief von Nelken\u00f6l<\/h2>\n<\/div>\n<div>\n<div id=\"container0\">\n<div class=\"box\"><strong>Herstellung<\/strong><br \/>\nWasserdampfdestillation der luftgetrockneten Nelkenk\u00f6pfe<br \/>\n6 &#8211; 8 kg f\u00fcr einen Liter \u00d6l<\/div>\n<div class=\"box\"><strong>Nelken\u00f6l &#8211; <a href=\"https:\/\/aetherische-oele.net\/WP\/oele-und-inhaltsstoffe-und-wirkung\/\">Inhaltsstoffe<\/a><\/strong><br \/>\nDie Hauptbestandteile der Nelkenknospen sind:<\/p>\n<ul>\n<li>Eugenol: 70-80 %<\/li>\n<li>Aromatische <a href=\"https:\/\/aetherische-oele.net\/WP\/ester\/\">Ester<\/a>: 10-18 %, vor allem Eugenylacetat<\/li>\n<li>Sesquiterpene: 5-15 %, haupts\u00e4chlich B-Caryophyllen<\/li>\n<li><a href=\"https:\/\/aetherische-oele.net\/WP\/monoterpene\/\">Monoterpene<\/a>: 2 %<\/li>\n<li><a href=\"https:\/\/aetherische-oele.net\/WP\/monoterpenole\/\">Monoterpenole<\/a>: 1 %<\/li>\n<li>Sesquiterpenoxide: 1 %<\/li>\n<\/ul>\n\n\n<\/div>\n<div id=\"attachment_3133\" style=\"width: 371px\" class=\"wp-caption alignnone\"><a href=\"https:\/\/aetherische-oele.net\/WP\/wp-content\/uploads\/Nelkenknospen-2.jpg\"><img decoding=\"async\" aria-describedby=\"caption-attachment-3133\" class=\"size-medium wp-image-3133 lazyload\" data-src=\"https:\/\/aetherische-oele.net\/WP\/wp-content\/uploads\/Nelkenknospen-2-361x500.jpg\" alt=\"Nelkenknospen\" width=\"361\" height=\"500\" data-srcset=\"https:\/\/aetherische-oele.net\/WP\/wp-content\/uploads\/\/Nelkenknospen-2-361x500.jpg 361w, https:\/\/aetherische-oele.net\/WP\/wp-content\/uploads\/\/Nelkenknospen-2-738x1024.jpg 738w, https:\/\/aetherische-oele.net\/WP\/wp-content\/uploads\/\/Nelkenknospen-2-768x1065.jpg 768w, https:\/\/aetherische-oele.net\/WP\/wp-content\/uploads\/\/Nelkenknospen-2-1108x1536.jpg 1108w, https:\/\/aetherische-oele.net\/WP\/wp-content\/uploads\/\/Nelkenknospen-2.jpg 1311w\" data-sizes=\"(max-width: 361px) 100vw, 361px\" src=\"data:image\/svg+xml;base64,PHN2ZyB3aWR0aD0iMSIgaGVpZ2h0PSIxIiB4bWxucz0iaHR0cDovL3d3dy53My5vcmcvMjAwMC9zdmciPjwvc3ZnPg==\" style=\"--smush-placeholder-width: 361px; --smush-placeholder-aspect-ratio: 361\/500;\" \/><\/a><p id=\"caption-attachment-3133\" class=\"wp-caption-text\">Nelkenknospen<\/p><\/div>\n<p><a href=\"https:\/\/aetherische-oele.net\/WP\/wp-content\/uploads\/Nelkenknospen-1.jpg\"><img decoding=\"async\" class=\"alignnone size-medium wp-image-3134 lazyload\" data-src=\"https:\/\/aetherische-oele.net\/WP\/wp-content\/uploads\/Nelkenknospen-1-361x500.jpg\" alt=\"\" width=\"361\" height=\"500\" data-srcset=\"https:\/\/aetherische-oele.net\/WP\/wp-content\/uploads\/\/Nelkenknospen-1-361x500.jpg 361w, https:\/\/aetherische-oele.net\/WP\/wp-content\/uploads\/\/Nelkenknospen-1-738x1024.jpg 738w, https:\/\/aetherische-oele.net\/WP\/wp-content\/uploads\/\/Nelkenknospen-1-768x1065.jpg 768w, https:\/\/aetherische-oele.net\/WP\/wp-content\/uploads\/\/Nelkenknospen-1-1108x1536.jpg 1108w, https:\/\/aetherische-oele.net\/WP\/wp-content\/uploads\/\/Nelkenknospen-1.jpg 1311w\" data-sizes=\"(max-width: 361px) 100vw, 361px\" src=\"data:image\/svg+xml;base64,PHN2ZyB3aWR0aD0iMSIgaGVpZ2h0PSIxIiB4bWxucz0iaHR0cDovL3d3dy53My5vcmcvMjAwMC9zdmciPjwvc3ZnPg==\" style=\"--smush-placeholder-width: 361px; --smush-placeholder-aspect-ratio: 361\/500;\" \/><\/a><\/p>\n<div class=\"box\"><strong>Duftrichtung<\/strong><br \/>\nW\u00fcrzig<br \/>\nErdig<br \/>\nWarm<br \/>\nS\u00fc\u00df<\/div>\n<div class=\"box\"><strong>Wirkung auf die Psyche<\/strong><br \/>\nHilft von alten Gedankenstrukturen loszulassen.<br \/>\nSt\u00e4rkt bei geistiger Arbeit.<\/div>\n<div class=\"box\"><strong>Harmonisiert gut mit<\/strong><br \/>\n<a href=\"https:\/\/aetherische-oele.net\/WP\/anisoel-pimpinella-anisum\/\">Anis<\/a>, <a href=\"https:\/\/aetherische-oele.net\/WP\/basilikumoel-ocimum-basilicum\/\">Basilikum<\/a>, <a href=\"https:\/\/aetherische-oele.net\/WP\/cajeput-melaleuca-leucadendra\/\">Cajeput<\/a>, Eukalyptus, <a href=\"https:\/\/aetherische-oele.net\/WP\/fencheloel-foeniculum-vulgare\/\">Fenchel<\/a>, Ingwer\u00f6l, Iris\u00f6l, <a href=\"https:\/\/aetherische-oele.net\/WP\/kardamomoel-ellettaria-cardamomum\/\">Kardamom<\/a>, <a href=\"https:\/\/aetherische-oele.net\/WP\/korianderoel-coriandrum-sativum-l\/\">Koriander\u00f6l<\/a>, <a href=\"https:\/\/aetherische-oele.net\/WP\/kuemmeloel-carum-carvi-l\/\">K\u00fcmmel<\/a>, <a href=\"https:\/\/aetherische-oele.net\/WP\/mandarinenoel-citrus-reticulata\/\">Mandarine<\/a>, <a href=\"https:\/\/aetherische-oele.net\/WP\/orangenoel-citrus-aurantium-dulcis-sinensis\/\">Orange<\/a>, Zimt, <a href=\"https:\/\/aetherische-oele.net\/WP\/zitrone-zitronenoel-citrus-limonum\/\">Zitronen\u00f6l<\/a><\/div>\n<div class=\"box\"><strong>Affirmation<\/strong><br \/>\nIch sp\u00fcre mein inneres Feuer, das mir Kraft und Vitalit\u00e4t verleiht.<\/div>\n<div class=\"box\"><strong>Emotionale und energetische Eigenschaften<\/strong><br \/>\nSchenkt Vertrauen.<br \/>\nF\u00f6rdert Selbstsicherheit.<br \/>\nW\u00e4rmt K\u00f6rper und Geist.<\/div>\n<div class=\"box\"><strong>Therapeutische Eigenschaften<\/strong><br \/>\nEntz\u00fcndungshemmend<br \/>\nHilft bei Bl\u00e4hungen.<br \/>\nHilft im Kampf gegen Keime \/ Infektionen.<br \/>\nAntiviral &#8211; hemmt das Wachstum des Herpes simplex Virus Typ 1 und 2<br \/>\nBakterizid &#8211; vernichtet Bakterien<br \/>\nAnalgetisch &#8211; bet\u00e4ubt Schmerzen<br \/>\nW\u00e4rmend<br \/>\nAntimykotisch<br \/>\nAntirheumatisch &#8211; verhindert und \/ oder lindert rheumatische Schmerzen und Schwellungen<\/div>\n<\/div>\n<\/div>\n<p>&nbsp;<\/p>\n<div>\n<h2 class=\"nobreak\">Anwendungsgebiete von Nelken\u00f6l<\/h2>\n<\/div>\n<div>\n<div id=\"container1\">\n<div class=\"box\"><strong>Innere Anwendung von Nelke<\/strong> (Arzt befragen!)<br \/>\nAntineuralgisch<br \/>\nAntiseptisch<br \/>\nAuswurff\u00f6rdernd<br \/>\nBl\u00e4hungen<br \/>\nDarmparasiten<br \/>\nDurchfall<br \/>\nGeburtsf\u00f6rdernd<br \/>\nK\u00f6rperliche und geistige Schw\u00e4chezust\u00e4nde<br \/>\nKr\u00e4mpfe<br \/>\nMageng\u00e4rung<br \/>\nTonisierend<br \/>\nVorbeugend gegen Ansteckungen<br \/>\nWurmtreibend<br \/>\nZahnschmerzen<\/div>\n<div class=\"box\"><strong>\u00c4u\u00dfere Anwendung <\/strong><br \/>\nBeingeschw\u00fcre<br \/>\nInfizierte Verletzungen<br \/>\nKr\u00e4tze<br \/>\nMotten und M\u00fccken<br \/>\nWunden<br \/>\nZahnschmerzen<br \/>\nStark antiseptisch<br \/>\nKrampfl\u00f6send<br \/>\nSt\u00e4rkend<br \/>\nStimulierend<br \/>\nBl\u00e4hungswidrig<br \/>\nZahnschmerzen<br \/>\nZahnfleischschwellungen<br \/>\nMagen-Darm-Beschwerden<br \/>\nDurchfall<br \/>\nBl\u00e4hungen<br \/>\nKr\u00e4tze<br \/>\nHautabsch\u00fcrfungen<br \/>\nInsektenstiche<br \/>\nWarzen<br \/>\nEitrigen WundenAls Umschl\u00e4ge gegen Kr\u00e4tzeAls Mottenmittel einige Tropfen auf ein Vliesblatt und in den Schrank legen.<\/div>\n<div class=\"box\"><strong>Zahn- und Mundpflege <\/strong><br \/>\nGew\u00fcrznelken\u00f6l ist ein traditionelles Heilmittel bei Zahnschmerzen: Tr\u00e4nken Sie einen Wattebausch mit dem \u00d6l und legen ihn auf den schmerzenden Zahn.Zutaten f\u00fcr Mundwasser: 2 Tropfen Gew\u00fcrznelke auf 1 Tasse Wasser (gut umr\u00fchren, damit sich die Essenz mit dem Wasser verbindet).<\/div>\n<div class=\"box\"><strong>Duftlampe<\/strong><br \/>\nWenn Sie eine weihnachtliche Stimmung in Ihr Heim zaubern wollen, geh\u00f6rt der w\u00e4rmende Duft des Gew\u00fcrznelken\u00f6ls auf jeden Fall mit dazu.<br \/>\nZutaten: 5 Tropfen Orange, 3 Tropfen Zimt und 5 Tropfen Gew\u00fcrznelke<\/div>\n<div class=\"box\">\n<p><strong>Hautpflege<\/strong><br \/>\nZur Desinfektion bei Hautverletzungen und Schnittwunden durchs Rasieren<\/p>\n<p>Zutaten: 1 bis 2 Tropfen Gew\u00fcrznelke in die After-Shave-Lotion.<\/p>\n<p>&nbsp;<\/p>\n<\/div>\n<div class=\"box\">\n<h3>Mehr Rezepturen<\/h3>\n<ul>\n<li>Mischen Sie 2 Tropfen Nelken\u00f6l mit einem Tr\u00e4ger\u00f6l f\u00fcr Massagen auf dem Bauch, um Magenbeschwerden zu lindern.<\/li>\n<li>Geben Sie 3-5 Tropfen des \u00d6les in das Badewasser, das hilft gegen Darmprobleme.<\/li>\n<li>Verwenden Sie 2 Tropfen Nelken\u00f6l im Inhalator, dies entlastet die Schleimh\u00e4ute und l\u00f6st Schleim.<\/li>\n<li>Geben Sie 2 Tropfen des \u00d6les in eine Salbe oder in ein Gel, das hilft Schwellungen schneller abklingen zu lassen.<\/li>\n<li>2 Tropfen Nelken\u00f6l in 1 Milliliter Jojoba\u00f6l helfen, die Heilung von Wunden, Schnittwunden, Prellungen und sogar Fu\u00dfpilz schneller voran zu treiben.<\/li>\n<li>2 Tropfen Nelken\u00f6l in einem Diffusor oder Verdampfer helfen, Insekten abzuwehren.<br \/>\nOder geben Sie 2 bis 3 Tropfen in eine Creme, um M\u00fccken im Sommer fernzuhalten.<\/li>\n<\/ul>\n<\/div>\n<\/div>\n<\/div>\n<p>&nbsp;<\/p>\n<div>\n<h2 class=\"nobreak\">Vorsicht<\/h2>\n<\/div>\n<div>\n<p>Nicht bei Schwangeren anwenden!<\/p>\n<p>Nelken\u00f6l ist hautreizend!<\/p>\n<p><b><br \/>\nVorsicht bei Gew\u00fcrznelken\u00f6l<\/b><br \/>\nDie Essenz aus der Gew\u00fcrznelken reizt die Haut. F\u00fcr die \u00e4u\u00dfere Anwendung muss man sie daher \u00e4u\u00dferst sparsam dosieren. \u00d6le der Gew\u00fcrznelke d\u00fcrfen nicht innerlich eingenommen werden. Au\u00dferdem ist es weder f\u00fcr Schwangere noch f\u00fcr Kinder geeignet.<\/p>\n<p>&nbsp;<\/p>\n<p>Geben Sie dieses \u00d6l niemals unverd\u00fcnnt auf die Haut. Mischen Sie es immer mit einem Tr\u00e4ger\u00f6l wie Jojoba\u00f6l, Kokos\u00f6l oder Oliven\u00f6l.<\/p>\n<p>Nelken\u00f6l kann in hohen Konzentrationen die Schleimh\u00e4ute reizen und zu anderen Hautproblemen f\u00fchren.<br \/>\nSetzen Sie es niemals auf offenen Wunden ein!<\/p>\n<p>Das \u00d6l kann zu einer gesteigerten Lichtempfindlichkeit f\u00fchren.<\/p>\n<p>Das \u00d6l kann dazu f\u00fchren, dass der Blutzuckerspiegel sinkt. Diabetiker sollten besonders vorsichtig sein, wenn Sie es verwenden.<\/p>\n<p>Personen mit Leber- oder Nierenerkrankungen sollten die Verwendung dieses \u00d6l unterlassen, da es zu Sch\u00e4den an den beiden Organen kommen k\u00f6nnte.<\/p>\n<p>Die innerliche Einnahme kann in unverd\u00fcnnter Form \u00dcbelkeit, Erbrechen, Halsschmerzen und sogar Blutprobleme ausl\u00f6sen. Es kann zur Kurzatmigkeit kommen, auch zu Hautausschl\u00e4gen und Juckreiz.<\/p>\n<\/div>\n","protected":false},"excerpt":{"rendered":"<p>Nelken\u00f6l &#8211; Gew\u00fcrznelken\u00f6l (Eugenia caryophyllata) Die Fr\u00fcchte des Gew\u00fcrznelkenbaumes waren in der Antike und im Mittelalter ein besonders wertvolles Heilmittel und nat\u00fcrlich auch ein gern verwendetes Gew\u00fcrz. Zusammen mit dem Pfeffer, dem Zimt und dem Muskat waren sie urspr\u00fcnglich auf den Philippinen beheimatet. Inzwischen wird der Nelkenbaum auch in Sri Lanka, Indonesien und Malaysia angepflanzt. [&hellip;]<\/p>\n","protected":false},"author":1,"featured_media":0,"comment_status":"open","ping_status":"open","sticky":false,"template":"","format":"standard","meta":{"_coblocks_attr":"","_coblocks_dimensions":"","_coblocks_responsive_height":"","_coblocks_accordion_ie_support":"","_metis_text_type":"standard","_metis_text_length":9440,"_post_count":0,"_jetpack_memberships_contains_paid_content":false,"footnotes":""},"categories":[7],"tags":[],"class_list":["post-383","post","type-post","status-publish","format-standard","hentry","category-aetherische-oele"],"yoast_head":"<!-- This site is optimized with the Yoast SEO plugin v27.5 - https:\/\/yoast.com\/product\/yoast-seo-wordpress\/ -->\n<title>Nelken\u00f6l - Gew\u00fcrznelken\u00f6l (Eugenia caryophyllata) - Aromatherapie - Aromapflege - \u00c4therische \u00d6le<\/title>\n<meta name=\"robots\" content=\"index, follow, max-snippet:-1, max-image-preview:large, max-video-preview:-1\" \/>\n<link rel=\"canonical\" href=\"https:\/\/aetherische-oele.net\/WP\/nelkenoel-gewuerznelkenoel-eugenia-caryophyllata\/\" \/>\n<meta property=\"og:locale\" content=\"de_DE\" \/>\n<meta property=\"og:type\" content=\"article\" \/>\n<meta property=\"og:title\" content=\"Nelken\u00f6l - Gew\u00fcrznelken\u00f6l (Eugenia caryophyllata) - Aromatherapie - Aromapflege - \u00c4therische \u00d6le\" \/>\n<meta property=\"og:description\" content=\"Nelken\u00f6l &#8211; Gew\u00fcrznelken\u00f6l (Eugenia caryophyllata) Die Fr\u00fcchte des Gew\u00fcrznelkenbaumes waren in der Antike und im Mittelalter ein besonders wertvolles Heilmittel und nat\u00fcrlich auch ein gern verwendetes Gew\u00fcrz. Zusammen mit dem Pfeffer, dem Zimt und dem Muskat waren sie urspr\u00fcnglich auf den Philippinen beheimatet. Inzwischen wird der Nelkenbaum auch in Sri Lanka, Indonesien und Malaysia angepflanzt. [&hellip;]\" \/>\n<meta property=\"og:url\" content=\"https:\/\/aetherische-oele.net\/WP\/nelkenoel-gewuerznelkenoel-eugenia-caryophyllata\/\" \/>\n<meta property=\"og:site_name\" content=\"Aromatherapie - Aromapflege - \u00c4therische \u00d6le\" \/>\n<meta property=\"article:published_time\" content=\"2023-07-31T14:19:08+00:00\" \/>\n<meta property=\"article:modified_time\" content=\"2023-09-05T13:18:05+00:00\" \/>\n<meta property=\"og:image\" content=\"https:\/\/aetherische-oele.net\/WP\/wp-content\/uploads\/Nelkenknospen-2-361x500.jpg\" \/>\n<meta name=\"author\" content=\"Baumann\" \/>\n<meta name=\"twitter:card\" content=\"summary_large_image\" \/>\n<meta name=\"twitter:label1\" content=\"Verfasst von\" \/>\n\t<meta name=\"twitter:data1\" content=\"Baumann\" \/>\n\t<meta name=\"twitter:label2\" content=\"Gesch\u00e4tzte Lesezeit\" \/>\n\t<meta name=\"twitter:data2\" content=\"8\u00a0Minuten\" \/>\n<script type=\"application\/ld+json\" class=\"yoast-schema-graph\">{\"@context\":\"https:\\\/\\\/schema.org\",\"@graph\":[{\"@type\":\"Article\",\"@id\":\"https:\\\/\\\/aetherische-oele.net\\\/WP\\\/nelkenoel-gewuerznelkenoel-eugenia-caryophyllata\\\/#article\",\"isPartOf\":{\"@id\":\"https:\\\/\\\/aetherische-oele.net\\\/WP\\\/nelkenoel-gewuerznelkenoel-eugenia-caryophyllata\\\/\"},\"author\":{\"name\":\"Baumann\",\"@id\":\"https:\\\/\\\/aetherische-oele.net\\\/WP\\\/#\\\/schema\\\/person\\\/718436a4d57be3f5f8a8b75c925b3ee3\"},\"headline\":\"Nelken\u00f6l &#8211; Gew\u00fcrznelken\u00f6l (Eugenia caryophyllata)\",\"datePublished\":\"2023-07-31T14:19:08+00:00\",\"dateModified\":\"2023-09-05T13:18:05+00:00\",\"mainEntityOfPage\":{\"@id\":\"https:\\\/\\\/aetherische-oele.net\\\/WP\\\/nelkenoel-gewuerznelkenoel-eugenia-caryophyllata\\\/\"},\"wordCount\":1449,\"commentCount\":0,\"image\":{\"@id\":\"https:\\\/\\\/aetherische-oele.net\\\/WP\\\/nelkenoel-gewuerznelkenoel-eugenia-caryophyllata\\\/#primaryimage\"},\"thumbnailUrl\":\"https:\\\/\\\/aetherische-oele.net\\\/WP\\\/wp-content\\\/uploads\\\/Nelkenknospen-2-361x500.jpg\",\"articleSection\":[\"\u00c4therische \u00d6le\"],\"inLanguage\":\"de\",\"potentialAction\":[{\"@type\":\"CommentAction\",\"name\":\"Comment\",\"target\":[\"https:\\\/\\\/aetherische-oele.net\\\/WP\\\/nelkenoel-gewuerznelkenoel-eugenia-caryophyllata\\\/#respond\"]}]},{\"@type\":\"WebPage\",\"@id\":\"https:\\\/\\\/aetherische-oele.net\\\/WP\\\/nelkenoel-gewuerznelkenoel-eugenia-caryophyllata\\\/\",\"url\":\"https:\\\/\\\/aetherische-oele.net\\\/WP\\\/nelkenoel-gewuerznelkenoel-eugenia-caryophyllata\\\/\",\"name\":\"Nelken\u00f6l - Gew\u00fcrznelken\u00f6l (Eugenia caryophyllata) - Aromatherapie - Aromapflege - \u00c4therische \u00d6le\",\"isPartOf\":{\"@id\":\"https:\\\/\\\/aetherische-oele.net\\\/WP\\\/#website\"},\"primaryImageOfPage\":{\"@id\":\"https:\\\/\\\/aetherische-oele.net\\\/WP\\\/nelkenoel-gewuerznelkenoel-eugenia-caryophyllata\\\/#primaryimage\"},\"image\":{\"@id\":\"https:\\\/\\\/aetherische-oele.net\\\/WP\\\/nelkenoel-gewuerznelkenoel-eugenia-caryophyllata\\\/#primaryimage\"},\"thumbnailUrl\":\"https:\\\/\\\/aetherische-oele.net\\\/WP\\\/wp-content\\\/uploads\\\/Nelkenknospen-2-361x500.jpg\",\"datePublished\":\"2023-07-31T14:19:08+00:00\",\"dateModified\":\"2023-09-05T13:18:05+00:00\",\"author\":{\"@id\":\"https:\\\/\\\/aetherische-oele.net\\\/WP\\\/#\\\/schema\\\/person\\\/718436a4d57be3f5f8a8b75c925b3ee3\"},\"breadcrumb\":{\"@id\":\"https:\\\/\\\/aetherische-oele.net\\\/WP\\\/nelkenoel-gewuerznelkenoel-eugenia-caryophyllata\\\/#breadcrumb\"},\"inLanguage\":\"de\",\"potentialAction\":[{\"@type\":\"ReadAction\",\"target\":[\"https:\\\/\\\/aetherische-oele.net\\\/WP\\\/nelkenoel-gewuerznelkenoel-eugenia-caryophyllata\\\/\"]}]},{\"@type\":\"ImageObject\",\"inLanguage\":\"de\",\"@id\":\"https:\\\/\\\/aetherische-oele.net\\\/WP\\\/nelkenoel-gewuerznelkenoel-eugenia-caryophyllata\\\/#primaryimage\",\"url\":\"https:\\\/\\\/aetherische-oele.net\\\/WP\\\/wp-content\\\/uploads\\\/Nelkenknospen-2.jpg\",\"contentUrl\":\"https:\\\/\\\/aetherische-oele.net\\\/WP\\\/wp-content\\\/uploads\\\/Nelkenknospen-2.jpg\",\"width\":1311,\"height\":1818,\"caption\":\"Nelkenknospen\"},{\"@type\":\"BreadcrumbList\",\"@id\":\"https:\\\/\\\/aetherische-oele.net\\\/WP\\\/nelkenoel-gewuerznelkenoel-eugenia-caryophyllata\\\/#breadcrumb\",\"itemListElement\":[{\"@type\":\"ListItem\",\"position\":1,\"name\":\"Startseite\",\"item\":\"https:\\\/\\\/aetherische-oele.net\\\/WP\\\/\"},{\"@type\":\"ListItem\",\"position\":2,\"name\":\"Nelken\u00f6l &#8211; Gew\u00fcrznelken\u00f6l (Eugenia caryophyllata)\"}]},{\"@type\":\"WebSite\",\"@id\":\"https:\\\/\\\/aetherische-oele.net\\\/WP\\\/#website\",\"url\":\"https:\\\/\\\/aetherische-oele.net\\\/WP\\\/\",\"name\":\"Aromatherapie - Aromapflege - \u00c4therische \u00d6le\",\"description\":\"Das Kompendium online\",\"potentialAction\":[{\"@type\":\"SearchAction\",\"target\":{\"@type\":\"EntryPoint\",\"urlTemplate\":\"https:\\\/\\\/aetherische-oele.net\\\/WP\\\/?s={search_term_string}\"},\"query-input\":{\"@type\":\"PropertyValueSpecification\",\"valueRequired\":true,\"valueName\":\"search_term_string\"}}],\"inLanguage\":\"de\"},{\"@type\":\"Person\",\"@id\":\"https:\\\/\\\/aetherische-oele.net\\\/WP\\\/#\\\/schema\\\/person\\\/718436a4d57be3f5f8a8b75c925b3ee3\",\"name\":\"Baumann\",\"image\":{\"@type\":\"ImageObject\",\"inLanguage\":\"de\",\"@id\":\"https:\\\/\\\/secure.gravatar.com\\\/avatar\\\/5d9abffec4357dcdde45f860e431c87387eaefedc4e2fdb4985ebe40a0500b7e?s=96&d=mm&r=g\",\"url\":\"https:\\\/\\\/secure.gravatar.com\\\/avatar\\\/5d9abffec4357dcdde45f860e431c87387eaefedc4e2fdb4985ebe40a0500b7e?s=96&d=mm&r=g\",\"contentUrl\":\"https:\\\/\\\/secure.gravatar.com\\\/avatar\\\/5d9abffec4357dcdde45f860e431c87387eaefedc4e2fdb4985ebe40a0500b7e?s=96&d=mm&r=g\",\"caption\":\"Baumann\"},\"sameAs\":[\"https:\\\/\\\/aetherische-oele.net\\\/WP\"],\"url\":\"https:\\\/\\\/aetherische-oele.net\\\/WP\\\/author\\\/baumann\\\/\"}]}<\/script>\n<!-- \/ Yoast SEO plugin. -->","yoast_head_json":{"title":"Nelken\u00f6l - Gew\u00fcrznelken\u00f6l (Eugenia caryophyllata) - Aromatherapie - Aromapflege - \u00c4therische \u00d6le","robots":{"index":"index","follow":"follow","max-snippet":"max-snippet:-1","max-image-preview":"max-image-preview:large","max-video-preview":"max-video-preview:-1"},"canonical":"https:\/\/aetherische-oele.net\/WP\/nelkenoel-gewuerznelkenoel-eugenia-caryophyllata\/","og_locale":"de_DE","og_type":"article","og_title":"Nelken\u00f6l - Gew\u00fcrznelken\u00f6l (Eugenia caryophyllata) - Aromatherapie - Aromapflege - \u00c4therische \u00d6le","og_description":"Nelken\u00f6l &#8211; Gew\u00fcrznelken\u00f6l (Eugenia caryophyllata) Die Fr\u00fcchte des Gew\u00fcrznelkenbaumes waren in der Antike und im Mittelalter ein besonders wertvolles Heilmittel und nat\u00fcrlich auch ein gern verwendetes Gew\u00fcrz. Zusammen mit dem Pfeffer, dem Zimt und dem Muskat waren sie urspr\u00fcnglich auf den Philippinen beheimatet. Inzwischen wird der Nelkenbaum auch in Sri Lanka, Indonesien und Malaysia angepflanzt. [&hellip;]","og_url":"https:\/\/aetherische-oele.net\/WP\/nelkenoel-gewuerznelkenoel-eugenia-caryophyllata\/","og_site_name":"Aromatherapie - Aromapflege - \u00c4therische \u00d6le","article_published_time":"2023-07-31T14:19:08+00:00","article_modified_time":"2023-09-05T13:18:05+00:00","og_image":[{"url":"https:\/\/aetherische-oele.net\/WP\/wp-content\/uploads\/Nelkenknospen-2-361x500.jpg","type":"","width":"","height":""}],"author":"Baumann","twitter_card":"summary_large_image","twitter_misc":{"Verfasst von":"Baumann","Gesch\u00e4tzte Lesezeit":"8\u00a0Minuten"},"schema":{"@context":"https:\/\/schema.org","@graph":[{"@type":"Article","@id":"https:\/\/aetherische-oele.net\/WP\/nelkenoel-gewuerznelkenoel-eugenia-caryophyllata\/#article","isPartOf":{"@id":"https:\/\/aetherische-oele.net\/WP\/nelkenoel-gewuerznelkenoel-eugenia-caryophyllata\/"},"author":{"name":"Baumann","@id":"https:\/\/aetherische-oele.net\/WP\/#\/schema\/person\/718436a4d57be3f5f8a8b75c925b3ee3"},"headline":"Nelken\u00f6l &#8211; Gew\u00fcrznelken\u00f6l (Eugenia caryophyllata)","datePublished":"2023-07-31T14:19:08+00:00","dateModified":"2023-09-05T13:18:05+00:00","mainEntityOfPage":{"@id":"https:\/\/aetherische-oele.net\/WP\/nelkenoel-gewuerznelkenoel-eugenia-caryophyllata\/"},"wordCount":1449,"commentCount":0,"image":{"@id":"https:\/\/aetherische-oele.net\/WP\/nelkenoel-gewuerznelkenoel-eugenia-caryophyllata\/#primaryimage"},"thumbnailUrl":"https:\/\/aetherische-oele.net\/WP\/wp-content\/uploads\/Nelkenknospen-2-361x500.jpg","articleSection":["\u00c4therische \u00d6le"],"inLanguage":"de","potentialAction":[{"@type":"CommentAction","name":"Comment","target":["https:\/\/aetherische-oele.net\/WP\/nelkenoel-gewuerznelkenoel-eugenia-caryophyllata\/#respond"]}]},{"@type":"WebPage","@id":"https:\/\/aetherische-oele.net\/WP\/nelkenoel-gewuerznelkenoel-eugenia-caryophyllata\/","url":"https:\/\/aetherische-oele.net\/WP\/nelkenoel-gewuerznelkenoel-eugenia-caryophyllata\/","name":"Nelken\u00f6l - Gew\u00fcrznelken\u00f6l (Eugenia caryophyllata) - Aromatherapie - Aromapflege - \u00c4therische \u00d6le","isPartOf":{"@id":"https:\/\/aetherische-oele.net\/WP\/#website"},"primaryImageOfPage":{"@id":"https:\/\/aetherische-oele.net\/WP\/nelkenoel-gewuerznelkenoel-eugenia-caryophyllata\/#primaryimage"},"image":{"@id":"https:\/\/aetherische-oele.net\/WP\/nelkenoel-gewuerznelkenoel-eugenia-caryophyllata\/#primaryimage"},"thumbnailUrl":"https:\/\/aetherische-oele.net\/WP\/wp-content\/uploads\/Nelkenknospen-2-361x500.jpg","datePublished":"2023-07-31T14:19:08+00:00","dateModified":"2023-09-05T13:18:05+00:00","author":{"@id":"https:\/\/aetherische-oele.net\/WP\/#\/schema\/person\/718436a4d57be3f5f8a8b75c925b3ee3"},"breadcrumb":{"@id":"https:\/\/aetherische-oele.net\/WP\/nelkenoel-gewuerznelkenoel-eugenia-caryophyllata\/#breadcrumb"},"inLanguage":"de","potentialAction":[{"@type":"ReadAction","target":["https:\/\/aetherische-oele.net\/WP\/nelkenoel-gewuerznelkenoel-eugenia-caryophyllata\/"]}]},{"@type":"ImageObject","inLanguage":"de","@id":"https:\/\/aetherische-oele.net\/WP\/nelkenoel-gewuerznelkenoel-eugenia-caryophyllata\/#primaryimage","url":"https:\/\/aetherische-oele.net\/WP\/wp-content\/uploads\/Nelkenknospen-2.jpg","contentUrl":"https:\/\/aetherische-oele.net\/WP\/wp-content\/uploads\/Nelkenknospen-2.jpg","width":1311,"height":1818,"caption":"Nelkenknospen"},{"@type":"BreadcrumbList","@id":"https:\/\/aetherische-oele.net\/WP\/nelkenoel-gewuerznelkenoel-eugenia-caryophyllata\/#breadcrumb","itemListElement":[{"@type":"ListItem","position":1,"name":"Startseite","item":"https:\/\/aetherische-oele.net\/WP\/"},{"@type":"ListItem","position":2,"name":"Nelken\u00f6l &#8211; Gew\u00fcrznelken\u00f6l (Eugenia caryophyllata)"}]},{"@type":"WebSite","@id":"https:\/\/aetherische-oele.net\/WP\/#website","url":"https:\/\/aetherische-oele.net\/WP\/","name":"Aromatherapie - Aromapflege - \u00c4therische \u00d6le","description":"Das Kompendium online","potentialAction":[{"@type":"SearchAction","target":{"@type":"EntryPoint","urlTemplate":"https:\/\/aetherische-oele.net\/WP\/?s={search_term_string}"},"query-input":{"@type":"PropertyValueSpecification","valueRequired":true,"valueName":"search_term_string"}}],"inLanguage":"de"},{"@type":"Person","@id":"https:\/\/aetherische-oele.net\/WP\/#\/schema\/person\/718436a4d57be3f5f8a8b75c925b3ee3","name":"Baumann","image":{"@type":"ImageObject","inLanguage":"de","@id":"https:\/\/secure.gravatar.com\/avatar\/5d9abffec4357dcdde45f860e431c87387eaefedc4e2fdb4985ebe40a0500b7e?s=96&d=mm&r=g","url":"https:\/\/secure.gravatar.com\/avatar\/5d9abffec4357dcdde45f860e431c87387eaefedc4e2fdb4985ebe40a0500b7e?s=96&d=mm&r=g","contentUrl":"https:\/\/secure.gravatar.com\/avatar\/5d9abffec4357dcdde45f860e431c87387eaefedc4e2fdb4985ebe40a0500b7e?s=96&d=mm&r=g","caption":"Baumann"},"sameAs":["https:\/\/aetherische-oele.net\/WP"],"url":"https:\/\/aetherische-oele.net\/WP\/author\/baumann\/"}]}},"jetpack_featured_media_url":"","jetpack_sharing_enabled":true,"public_identification_id":"c010fc41875f48cbaa2e78d251ebb291","private_identification_id":"18cb9bb6ef8d4f02bf148c3b820c7de6","_links":{"self":[{"href":"https:\/\/aetherische-oele.net\/WP\/wp-json\/wp\/v2\/posts\/383","targetHints":{"allow":["GET"]}}],"collection":[{"href":"https:\/\/aetherische-oele.net\/WP\/wp-json\/wp\/v2\/posts"}],"about":[{"href":"https:\/\/aetherische-oele.net\/WP\/wp-json\/wp\/v2\/types\/post"}],"author":[{"embeddable":true,"href":"https:\/\/aetherische-oele.net\/WP\/wp-json\/wp\/v2\/users\/1"}],"replies":[{"embeddable":true,"href":"https:\/\/aetherische-oele.net\/WP\/wp-json\/wp\/v2\/comments?post=383"}],"version-history":[{"count":10,"href":"https:\/\/aetherische-oele.net\/WP\/wp-json\/wp\/v2\/posts\/383\/revisions"}],"predecessor-version":[{"id":3135,"href":"https:\/\/aetherische-oele.net\/WP\/wp-json\/wp\/v2\/posts\/383\/revisions\/3135"}],"wp:attachment":[{"href":"https:\/\/aetherische-oele.net\/WP\/wp-json\/wp\/v2\/media?parent=383"}],"wp:term":[{"taxonomy":"category","embeddable":true,"href":"https:\/\/aetherische-oele.net\/WP\/wp-json\/wp\/v2\/categories?post=383"},{"taxonomy":"post_tag","embeddable":true,"href":"https:\/\/aetherische-oele.net\/WP\/wp-json\/wp\/v2\/tags?post=383"}],"curies":[{"name":"wp","href":"https:\/\/api.w.org\/{rel}","templated":true}]}}