{"id":56,"date":"2023-07-30T11:46:21","date_gmt":"2023-07-30T09:46:21","guid":{"rendered":"https:\/\/aetherische-oele.net\/WP\/?p=56"},"modified":"2024-09-10T11:42:32","modified_gmt":"2024-09-10T09:42:32","slug":"phototoxische-aetherische-oele","status":"publish","type":"post","link":"https:\/\/aetherische-oele.net\/WP\/phototoxische-aetherische-oele\/","title":{"rendered":"Phototoxische \u00e4therische \u00d6le"},"content":{"rendered":"<div>\n<h1 class=\"nobreak\">Phototoxische \u00e4therische \u00d6le<\/h1>\n<\/div>\n<div>\n<p>Phototoxisch oder auch photosensibilisierend nennt man die Wirkung von \u00e4therischen \u00d6len, die die Haut empfindlicher auf Sonnenlicht (eigentlich ultraviolettes &#8211; UV-Licht) werden lassen. Es kommt dann zu Verbrennungen, Flecken und anderen Hautsch\u00e4den.<\/p>\n<p>Sollten solche phototoxischen \u00d6le z.B. in Massagen\u00f6len verwendet werden, sollte man nicht innerhalb der n\u00e4chsten Stunden in die Sonne gehen.<\/p>\n<p>Die Haupt\u00f6le, die eine solche phototoxische Wirkung haben, sind Zitrus\u00f6le. Ausl\u00f6ser daf\u00fcr ist das im \u00d6l enthaltene <a href=\"https:\/\/aetherische-oele.net\/WP\/bergapten\/\">Bergapten<\/a> bzw. die Furocumarine.<\/p>\n<p>\u00dcbrigens k\u00f6nnte man ja jetzt auch auf die Idee kommen, dass man die \u00d6le schon alleine deshalb trotzdem verwendet, weil man dann schneller braun wird&#8230; Fehlanzeige: Man verdirbt sich nur die Haut, schneller braun wird man nicht!<\/p>\n<h3>\u00c4therische \u00d6le, die Sonnenempfindlichkeit steigern:<\/h3>\n<ul>\n<li><a href=\"https:\/\/www.aetherische-oele.net\/aetherische-oele\/angelikawurzel.htm\">Angelica<\/a><\/li>\n<li><a href=\"https:\/\/www.aetherische-oele.net\/aetherische-oele\/bergamotte.htm\">Bergamotte<\/a><\/li>\n<li><a href=\"https:\/\/www.aetherische-oele.net\/aetherische-oele\/bitterorange.htm\">Bitterorange<\/a> (kalt gepresst)<\/li>\n<li>Cumin<\/li>\n<li><a href=\"https:\/\/www.aetherische-oele.net\/aetherische-oele\/dill.htm\">Dill<\/a><\/li>\n<li><a href=\"https:\/\/www.aetherische-oele.net\/aetherische-oele\/grapefruit.htm\">Grapefruit<\/a> (kalt gepresst)<\/li>\n<li><a href=\"https:\/\/www.aetherische-oele.net\/aetherische-oele\/zitrone.htm\">Zitrone<\/a> (kalt gepresst sowie destilliert)<\/li>\n<li>Zitronenverbene<\/li>\n<li><a href=\"https:\/\/www.aetherische-oele.net\/aetherische-oele\/limette.htm\">Limette<\/a> (kalt gepresst sowie destilliert)<\/li>\n<li><a href=\"https:\/\/www.aetherische-oele.net\/aetherische-oele\/orange.htm\">Orange<\/a><\/li>\n<li><a href=\"https:\/\/www.aetherische-oele.net\/aetherische-oele\/mandarine.htm\">Mandarine<\/a><\/li>\n<li><a href=\"https:\/\/www.aetherische-oele.net\/aetherische-oele\/tagetes.htm\">Tagetes<\/a><\/li>\n<li>Tangerine (kalt gepresst)<\/li>\n<li><a href=\"https:\/\/aetherische-oele.net\/WP\/litsea-litsea-cubeba-und-citrata\/\">Litsea<\/a> Cubeba<\/li>\n<li>Kumquat<\/li>\n<li>Kreuzk\u00fcmmel<\/li>\n<\/ul>\n<\/div>\n","protected":false},"excerpt":{"rendered":"<p>Phototoxische \u00e4therische \u00d6le Phototoxisch oder auch photosensibilisierend nennt man die Wirkung von \u00e4therischen \u00d6len, die die Haut empfindlicher auf Sonnenlicht (eigentlich ultraviolettes &#8211; UV-Licht) werden lassen. Es kommt dann zu Verbrennungen, Flecken und anderen Hautsch\u00e4den. Sollten solche phototoxischen \u00d6le z.B. in Massagen\u00f6len verwendet werden, sollte man nicht innerhalb der n\u00e4chsten Stunden in die Sonne gehen. [&hellip;]<\/p>\n","protected":false},"author":1,"featured_media":0,"comment_status":"open","ping_status":"open","sticky":false,"template":"","format":"standard","meta":{"_coblocks_attr":"","_coblocks_dimensions":"","_coblocks_responsive_height":"","_coblocks_accordion_ie_support":"","_metis_text_type":"standard","_metis_text_length":1131,"_post_count":0,"_jetpack_memberships_contains_paid_content":false,"footnotes":""},"categories":[4],"tags":[],"class_list":["post-56","post","type-post","status-publish","format-standard","hentry","category-infos"],"yoast_head":"<!-- This site is optimized with the Yoast SEO plugin v27.5 - https:\/\/yoast.com\/product\/yoast-seo-wordpress\/ -->\n<title>Phototoxische \u00e4therische \u00d6le - Aromatherapie - Aromapflege - \u00c4therische \u00d6le<\/title>\n<meta name=\"robots\" content=\"index, follow, max-snippet:-1, max-image-preview:large, max-video-preview:-1\" \/>\n<link rel=\"canonical\" href=\"https:\/\/aetherische-oele.net\/WP\/phototoxische-aetherische-oele\/\" \/>\n<meta property=\"og:locale\" content=\"de_DE\" \/>\n<meta property=\"og:type\" content=\"article\" \/>\n<meta property=\"og:title\" content=\"Phototoxische \u00e4therische \u00d6le - Aromatherapie - Aromapflege - \u00c4therische \u00d6le\" \/>\n<meta property=\"og:description\" content=\"Phototoxische \u00e4therische \u00d6le Phototoxisch oder auch photosensibilisierend nennt man die Wirkung von \u00e4therischen \u00d6len, die die Haut empfindlicher auf Sonnenlicht (eigentlich ultraviolettes &#8211; UV-Licht) werden lassen. Es kommt dann zu Verbrennungen, Flecken und anderen Hautsch\u00e4den. Sollten solche phototoxischen \u00d6le z.B. in Massagen\u00f6len verwendet werden, sollte man nicht innerhalb der n\u00e4chsten Stunden in die Sonne gehen. [&hellip;]\" \/>\n<meta property=\"og:url\" content=\"https:\/\/aetherische-oele.net\/WP\/phototoxische-aetherische-oele\/\" \/>\n<meta property=\"og:site_name\" content=\"Aromatherapie - Aromapflege - \u00c4therische \u00d6le\" \/>\n<meta property=\"article:published_time\" content=\"2023-07-30T09:46:21+00:00\" \/>\n<meta property=\"article:modified_time\" content=\"2024-09-10T09:42:32+00:00\" \/>\n<meta name=\"author\" content=\"Baumann\" \/>\n<meta name=\"twitter:card\" content=\"summary_large_image\" \/>\n<meta name=\"twitter:label1\" content=\"Verfasst von\" \/>\n\t<meta name=\"twitter:data1\" content=\"Baumann\" \/>\n\t<meta name=\"twitter:label2\" content=\"Gesch\u00e4tzte Lesezeit\" \/>\n\t<meta name=\"twitter:data2\" content=\"1\u00a0Minute\" \/>\n<script type=\"application\/ld+json\" class=\"yoast-schema-graph\">{\"@context\":\"https:\\\/\\\/schema.org\",\"@graph\":[{\"@type\":\"Article\",\"@id\":\"https:\\\/\\\/aetherische-oele.net\\\/WP\\\/phototoxische-aetherische-oele\\\/#article\",\"isPartOf\":{\"@id\":\"https:\\\/\\\/aetherische-oele.net\\\/WP\\\/phototoxische-aetherische-oele\\\/\"},\"author\":{\"name\":\"Baumann\",\"@id\":\"https:\\\/\\\/aetherische-oele.net\\\/WP\\\/#\\\/schema\\\/person\\\/718436a4d57be3f5f8a8b75c925b3ee3\"},\"headline\":\"Phototoxische \u00e4therische \u00d6le\",\"datePublished\":\"2023-07-30T09:46:21+00:00\",\"dateModified\":\"2024-09-10T09:42:32+00:00\",\"mainEntityOfPage\":{\"@id\":\"https:\\\/\\\/aetherische-oele.net\\\/WP\\\/phototoxische-aetherische-oele\\\/\"},\"wordCount\":162,\"commentCount\":0,\"articleSection\":[\"Infos\"],\"inLanguage\":\"de\",\"potentialAction\":[{\"@type\":\"CommentAction\",\"name\":\"Comment\",\"target\":[\"https:\\\/\\\/aetherische-oele.net\\\/WP\\\/phototoxische-aetherische-oele\\\/#respond\"]}]},{\"@type\":\"WebPage\",\"@id\":\"https:\\\/\\\/aetherische-oele.net\\\/WP\\\/phototoxische-aetherische-oele\\\/\",\"url\":\"https:\\\/\\\/aetherische-oele.net\\\/WP\\\/phototoxische-aetherische-oele\\\/\",\"name\":\"Phototoxische \u00e4therische \u00d6le - Aromatherapie - Aromapflege - \u00c4therische \u00d6le\",\"isPartOf\":{\"@id\":\"https:\\\/\\\/aetherische-oele.net\\\/WP\\\/#website\"},\"datePublished\":\"2023-07-30T09:46:21+00:00\",\"dateModified\":\"2024-09-10T09:42:32+00:00\",\"author\":{\"@id\":\"https:\\\/\\\/aetherische-oele.net\\\/WP\\\/#\\\/schema\\\/person\\\/718436a4d57be3f5f8a8b75c925b3ee3\"},\"breadcrumb\":{\"@id\":\"https:\\\/\\\/aetherische-oele.net\\\/WP\\\/phototoxische-aetherische-oele\\\/#breadcrumb\"},\"inLanguage\":\"de\",\"potentialAction\":[{\"@type\":\"ReadAction\",\"target\":[\"https:\\\/\\\/aetherische-oele.net\\\/WP\\\/phototoxische-aetherische-oele\\\/\"]}]},{\"@type\":\"BreadcrumbList\",\"@id\":\"https:\\\/\\\/aetherische-oele.net\\\/WP\\\/phototoxische-aetherische-oele\\\/#breadcrumb\",\"itemListElement\":[{\"@type\":\"ListItem\",\"position\":1,\"name\":\"Startseite\",\"item\":\"https:\\\/\\\/aetherische-oele.net\\\/WP\\\/\"},{\"@type\":\"ListItem\",\"position\":2,\"name\":\"Phototoxische \u00e4therische \u00d6le\"}]},{\"@type\":\"WebSite\",\"@id\":\"https:\\\/\\\/aetherische-oele.net\\\/WP\\\/#website\",\"url\":\"https:\\\/\\\/aetherische-oele.net\\\/WP\\\/\",\"name\":\"Aromatherapie - Aromapflege - \u00c4therische \u00d6le\",\"description\":\"Das Kompendium online\",\"potentialAction\":[{\"@type\":\"SearchAction\",\"target\":{\"@type\":\"EntryPoint\",\"urlTemplate\":\"https:\\\/\\\/aetherische-oele.net\\\/WP\\\/?s={search_term_string}\"},\"query-input\":{\"@type\":\"PropertyValueSpecification\",\"valueRequired\":true,\"valueName\":\"search_term_string\"}}],\"inLanguage\":\"de\"},{\"@type\":\"Person\",\"@id\":\"https:\\\/\\\/aetherische-oele.net\\\/WP\\\/#\\\/schema\\\/person\\\/718436a4d57be3f5f8a8b75c925b3ee3\",\"name\":\"Baumann\",\"image\":{\"@type\":\"ImageObject\",\"inLanguage\":\"de\",\"@id\":\"https:\\\/\\\/secure.gravatar.com\\\/avatar\\\/5d9abffec4357dcdde45f860e431c87387eaefedc4e2fdb4985ebe40a0500b7e?s=96&d=mm&r=g\",\"url\":\"https:\\\/\\\/secure.gravatar.com\\\/avatar\\\/5d9abffec4357dcdde45f860e431c87387eaefedc4e2fdb4985ebe40a0500b7e?s=96&d=mm&r=g\",\"contentUrl\":\"https:\\\/\\\/secure.gravatar.com\\\/avatar\\\/5d9abffec4357dcdde45f860e431c87387eaefedc4e2fdb4985ebe40a0500b7e?s=96&d=mm&r=g\",\"caption\":\"Baumann\"},\"sameAs\":[\"https:\\\/\\\/aetherische-oele.net\\\/WP\"],\"url\":\"https:\\\/\\\/aetherische-oele.net\\\/WP\\\/author\\\/baumann\\\/\"}]}<\/script>\n<!-- \/ Yoast SEO plugin. -->","yoast_head_json":{"title":"Phototoxische \u00e4therische \u00d6le - Aromatherapie - Aromapflege - \u00c4therische \u00d6le","robots":{"index":"index","follow":"follow","max-snippet":"max-snippet:-1","max-image-preview":"max-image-preview:large","max-video-preview":"max-video-preview:-1"},"canonical":"https:\/\/aetherische-oele.net\/WP\/phototoxische-aetherische-oele\/","og_locale":"de_DE","og_type":"article","og_title":"Phototoxische \u00e4therische \u00d6le - Aromatherapie - Aromapflege - \u00c4therische \u00d6le","og_description":"Phototoxische \u00e4therische \u00d6le Phototoxisch oder auch photosensibilisierend nennt man die Wirkung von \u00e4therischen \u00d6len, die die Haut empfindlicher auf Sonnenlicht (eigentlich ultraviolettes &#8211; UV-Licht) werden lassen. Es kommt dann zu Verbrennungen, Flecken und anderen Hautsch\u00e4den. Sollten solche phototoxischen \u00d6le z.B. in Massagen\u00f6len verwendet werden, sollte man nicht innerhalb der n\u00e4chsten Stunden in die Sonne gehen. [&hellip;]","og_url":"https:\/\/aetherische-oele.net\/WP\/phototoxische-aetherische-oele\/","og_site_name":"Aromatherapie - Aromapflege - \u00c4therische \u00d6le","article_published_time":"2023-07-30T09:46:21+00:00","article_modified_time":"2024-09-10T09:42:32+00:00","author":"Baumann","twitter_card":"summary_large_image","twitter_misc":{"Verfasst von":"Baumann","Gesch\u00e4tzte Lesezeit":"1\u00a0Minute"},"schema":{"@context":"https:\/\/schema.org","@graph":[{"@type":"Article","@id":"https:\/\/aetherische-oele.net\/WP\/phototoxische-aetherische-oele\/#article","isPartOf":{"@id":"https:\/\/aetherische-oele.net\/WP\/phototoxische-aetherische-oele\/"},"author":{"name":"Baumann","@id":"https:\/\/aetherische-oele.net\/WP\/#\/schema\/person\/718436a4d57be3f5f8a8b75c925b3ee3"},"headline":"Phototoxische \u00e4therische \u00d6le","datePublished":"2023-07-30T09:46:21+00:00","dateModified":"2024-09-10T09:42:32+00:00","mainEntityOfPage":{"@id":"https:\/\/aetherische-oele.net\/WP\/phototoxische-aetherische-oele\/"},"wordCount":162,"commentCount":0,"articleSection":["Infos"],"inLanguage":"de","potentialAction":[{"@type":"CommentAction","name":"Comment","target":["https:\/\/aetherische-oele.net\/WP\/phototoxische-aetherische-oele\/#respond"]}]},{"@type":"WebPage","@id":"https:\/\/aetherische-oele.net\/WP\/phototoxische-aetherische-oele\/","url":"https:\/\/aetherische-oele.net\/WP\/phototoxische-aetherische-oele\/","name":"Phototoxische \u00e4therische \u00d6le - Aromatherapie - Aromapflege - \u00c4therische \u00d6le","isPartOf":{"@id":"https:\/\/aetherische-oele.net\/WP\/#website"},"datePublished":"2023-07-30T09:46:21+00:00","dateModified":"2024-09-10T09:42:32+00:00","author":{"@id":"https:\/\/aetherische-oele.net\/WP\/#\/schema\/person\/718436a4d57be3f5f8a8b75c925b3ee3"},"breadcrumb":{"@id":"https:\/\/aetherische-oele.net\/WP\/phototoxische-aetherische-oele\/#breadcrumb"},"inLanguage":"de","potentialAction":[{"@type":"ReadAction","target":["https:\/\/aetherische-oele.net\/WP\/phototoxische-aetherische-oele\/"]}]},{"@type":"BreadcrumbList","@id":"https:\/\/aetherische-oele.net\/WP\/phototoxische-aetherische-oele\/#breadcrumb","itemListElement":[{"@type":"ListItem","position":1,"name":"Startseite","item":"https:\/\/aetherische-oele.net\/WP\/"},{"@type":"ListItem","position":2,"name":"Phototoxische \u00e4therische \u00d6le"}]},{"@type":"WebSite","@id":"https:\/\/aetherische-oele.net\/WP\/#website","url":"https:\/\/aetherische-oele.net\/WP\/","name":"Aromatherapie - Aromapflege - \u00c4therische \u00d6le","description":"Das Kompendium online","potentialAction":[{"@type":"SearchAction","target":{"@type":"EntryPoint","urlTemplate":"https:\/\/aetherische-oele.net\/WP\/?s={search_term_string}"},"query-input":{"@type":"PropertyValueSpecification","valueRequired":true,"valueName":"search_term_string"}}],"inLanguage":"de"},{"@type":"Person","@id":"https:\/\/aetherische-oele.net\/WP\/#\/schema\/person\/718436a4d57be3f5f8a8b75c925b3ee3","name":"Baumann","image":{"@type":"ImageObject","inLanguage":"de","@id":"https:\/\/secure.gravatar.com\/avatar\/5d9abffec4357dcdde45f860e431c87387eaefedc4e2fdb4985ebe40a0500b7e?s=96&d=mm&r=g","url":"https:\/\/secure.gravatar.com\/avatar\/5d9abffec4357dcdde45f860e431c87387eaefedc4e2fdb4985ebe40a0500b7e?s=96&d=mm&r=g","contentUrl":"https:\/\/secure.gravatar.com\/avatar\/5d9abffec4357dcdde45f860e431c87387eaefedc4e2fdb4985ebe40a0500b7e?s=96&d=mm&r=g","caption":"Baumann"},"sameAs":["https:\/\/aetherische-oele.net\/WP"],"url":"https:\/\/aetherische-oele.net\/WP\/author\/baumann\/"}]}},"jetpack_featured_media_url":"","jetpack_sharing_enabled":true,"public_identification_id":"8c748fc5be454c3f89b2cbd6db6a89c7","private_identification_id":"f6418e605365437bb5d6ef13e8ec8496","_links":{"self":[{"href":"https:\/\/aetherische-oele.net\/WP\/wp-json\/wp\/v2\/posts\/56","targetHints":{"allow":["GET"]}}],"collection":[{"href":"https:\/\/aetherische-oele.net\/WP\/wp-json\/wp\/v2\/posts"}],"about":[{"href":"https:\/\/aetherische-oele.net\/WP\/wp-json\/wp\/v2\/types\/post"}],"author":[{"embeddable":true,"href":"https:\/\/aetherische-oele.net\/WP\/wp-json\/wp\/v2\/users\/1"}],"replies":[{"embeddable":true,"href":"https:\/\/aetherische-oele.net\/WP\/wp-json\/wp\/v2\/comments?post=56"}],"version-history":[{"count":5,"href":"https:\/\/aetherische-oele.net\/WP\/wp-json\/wp\/v2\/posts\/56\/revisions"}],"predecessor-version":[{"id":3781,"href":"https:\/\/aetherische-oele.net\/WP\/wp-json\/wp\/v2\/posts\/56\/revisions\/3781"}],"wp:attachment":[{"href":"https:\/\/aetherische-oele.net\/WP\/wp-json\/wp\/v2\/media?parent=56"}],"wp:term":[{"taxonomy":"category","embeddable":true,"href":"https:\/\/aetherische-oele.net\/WP\/wp-json\/wp\/v2\/categories?post=56"},{"taxonomy":"post_tag","embeddable":true,"href":"https:\/\/aetherische-oele.net\/WP\/wp-json\/wp\/v2\/tags?post=56"}],"curies":[{"name":"wp","href":"https:\/\/api.w.org\/{rel}","templated":true}]}}